{"id":11324,"date":"2022-03-17T14:06:27","date_gmt":"2022-03-17T13:06:27","guid":{"rendered":"https:\/\/www.hospichild.be\/enfants-et-ados-ukrainiens-refugies-a-bruxelles-comment-les-aider\/"},"modified":"2025-10-31T15:32:57","modified_gmt":"2025-10-31T14:32:57","slug":"kinderen-en-jongeren-uit-oekraine-op-de-vlucht-hoe-kunnen-we-ze-helpen-in-brussel","status":"publish","type":"post","link":"https:\/\/www.hospichild.be\/nl\/kinderen-en-jongeren-uit-oekraine-op-de-vlucht-hoe-kunnen-we-ze-helpen-in-brussel\/","title":{"rendered":"Kinderen en jongeren uit Oekra\u00efne op de vlucht. Hoe kunnen we ze helpen in Brussel?"},"content":{"rendered":"<p><strong>Sinds de provinciale crisisfase werd afgekondigd in Brussel (op 16 maart), staat vast dat minister-president Rudy Vervoort de Oekra\u00efense humanitaire crisis in de hoofdstad in goede banen zal leiden. Er zullen synergie\u00ebn ontstaan tussen de verschillende spelers uit het werkveld met het oog op een \u2018optimale co\u00f6rdinatie\u2019. Wat het onthaal van kinderen, jongeren en hun familie (voor zover ze er hebben) betreft), gaan de organisaties aan de slag en streven ze naar gezamenlijke activiteiten.<\/strong><\/p>\n<p><img loading=\"lazy\" decoding=\"async\" class=\"alignnone wp-image-11309\" src=\"https:\/\/www.hospichild.be\/wp-content\/uploads\/2022\/03\/tong-su-CtL111sDtJU-unsplash1.jpg\" alt=\"\" width=\"761\" height=\"507\" srcset=\"https:\/\/www.hospichild.be\/wp-content\/uploads\/2022\/03\/tong-su-CtL111sDtJU-unsplash1.jpg 1920w, https:\/\/www.hospichild.be\/wp-content\/uploads\/2022\/03\/tong-su-CtL111sDtJU-unsplash1-300x200.jpg 300w, https:\/\/www.hospichild.be\/wp-content\/uploads\/2022\/03\/tong-su-CtL111sDtJU-unsplash1-1024x683.jpg 1024w, https:\/\/www.hospichild.be\/wp-content\/uploads\/2022\/03\/tong-su-CtL111sDtJU-unsplash1-768x512.jpg 768w, https:\/\/www.hospichild.be\/wp-content\/uploads\/2022\/03\/tong-su-CtL111sDtJU-unsplash1-1536x1024.jpg 1536w\" sizes=\"auto, (max-width: 761px) 100vw, 761px\" \/><\/p>\n<p>Overzicht van de initiatieven en mogelijkheden om deze kinderen, waarvan sommige ziek, niet-begeleid of wees zijn, te helpen.<\/p>\n<h3>Provinciale crisisfase afgekondigd in Brussel<\/h3>\n<p><span class=\"TextRun SCXW207750117 BCX0\" lang=\"NL-NL\" xml:lang=\"NL-NL\" data-contrast=\"none\"><span class=\"NormalTextRun SCXW207750117 BCX0\" data-ccp-parastyle=\"Normal (Web)\">De Brusselse overheden lanceerden de \u2018provinciale crisisfase\u2019 als antwoord op de Oekra\u00efense humanitaire crisis. Ze willen <\/span><span class=\"NormalTextRun SCXW207750117 BCX0\" data-ccp-parastyle=\"Normal (Web)\">een optimale co\u00f6rdinatie verzekeren tussen de verschillende beleidsniveaus <\/span><span class=\"NormalTextRun SCXW207750117 BCX0\" data-ccp-parastyle=\"Normal (Web)\">en<\/span><span class=\"NormalTextRun SCXW207750117 BCX0\" data-ccp-parastyle=\"Normal (Web)\"> instaan voor een coherente organisatie van de gemeentelijke en gewestelijke initiatieven op het Brussels grondgebied<\/span><span class=\"NormalTextRun SCXW207750117 BCX0\" data-ccp-parastyle=\"Normal (Web)\">. <\/span><\/span><span class=\"LineBreakBlob BlobObject DragDrop SCXW207750117 BCX0\"><span class=\"SCXW207750117 BCX0\">\u00a0<\/span><br class=\"SCXW207750117 BCX0\" \/><\/span><span class=\"TextRun SCXW207750117 BCX0\" lang=\"NL-NL\" xml:lang=\"NL-NL\" data-contrast=\"none\"><span class=\"NormalTextRun SCXW207750117 BCX0\" data-ccp-parastyle=\"Normal (Web)\">Concreet betekent een provinciaal crisisbeheer dat een co\u00f6rdinatiecomit\u00e9 met de 5 <\/span><span class=\"NormalTextRun SCXW207750117 BCX0\" data-ccp-parastyle=\"Normal (Web)\">\u2018<\/span><span class=\"NormalTextRun SCXW207750117 BCX0\" data-ccp-parastyle=\"Normal (Web)\">disciplines<\/span><span class=\"NormalTextRun SCXW207750117 BCX0\" data-ccp-parastyle=\"Normal (Web)\">\u2019<\/span><span class=\"NormalTextRun SCXW207750117 BCX0\" data-ccp-parastyle=\"Normal (Web)\"> wordt ingesteld in overleg met de lokale overheden: de hulpverleningsoperaties, medische, sanitaire en psychosociale hulpverlening, politieopdrachten, logistieke ondersteuning, informatie aan de bevolking en steun aan de administratieve overheid.\u202f<\/span><span class=\"NormalTextRun SCXW207750117 BCX0\" data-ccp-parastyle=\"Normal (Web)\">Voor het onthaal van gezinnen of buitenlandse niet-begeleide minderjarigen, werden reeds verschillende initiatieven opge<\/span><span class=\"NormalTextRun SCXW207750117 BCX0\" data-ccp-parastyle=\"Normal (Web)\">st<\/span><span class=\"NormalTextRun SCXW207750117 BCX0\" data-ccp-parastyle=\"Normal (Web)\">art. Diensten of<\/span> <span class=\"NormalTextRun SCXW207750117 BCX0\" data-ccp-parastyle=\"Normal (Web)\">verenigingen zoals <\/span><\/span><a class=\"Hyperlink SCXW207750117 BCX0\" href=\"https:\/\/www.hospichild.be\/lone-fete-ses-100-ans-en-grandes-pompes\/\" target=\"_blank\" rel=\"noreferrer noopener\"><span class=\"TextRun Underlined SCXW207750117 BCX0\" lang=\"NL-NL\" xml:lang=\"NL-NL\" data-contrast=\"none\"><span class=\"NormalTextRun SCXW207750117 BCX0\" data-ccp-charstyle=\"Hyperlink\">O<\/span><span class=\"NormalTextRun SCXW207750117 BCX0\" data-ccp-charstyle=\"Hyperlink\">N<\/span><span class=\"NormalTextRun SCXW207750117 BCX0\" data-ccp-charstyle=\"Hyperlink\">E<\/span><\/span><\/a><span class=\"TextRun SCXW207750117 BCX0\" lang=\"NL-NL\" xml:lang=\"NL-NL\" data-contrast=\"none\"><span class=\"NormalTextRun SCXW207750117 BCX0\" data-ccp-charstyle=\"apple-converted-space\" data-ccp-charstyle-defn=\"{&quot;ObjectId&quot;:&quot;750db732-aea0-4d44-9210-69fde2af9cd3|77&quot;,&quot;ClassId&quot;:1073872969,&quot;Properties&quot;:[469775450,&quot;apple-converted-space&quot;,201340122,&quot;1&quot;,134233614,&quot;true&quot;,469778129,&quot;apple-converted-space&quot;,335572020,&quot;1&quot;,469778324,&quot;Default Paragraph Font&quot;]}\">\u202f<\/span><span class=\"NormalTextRun SCXW207750117 BCX0\" data-ccp-parastyle=\"Normal (Web)\">(<\/span><span class=\"NormalTextRun SCXW207750117 BCX0\" data-ccp-parastyle=\"Normal (Web)\">Franstalige tegenhanger van Kind &amp; Gezin<\/span><span class=\"NormalTextRun SCXW207750117 BCX0\" data-ccp-parastyle=\"Normal (Web)\">), DEI (<\/span><span class=\"NormalTextRun SpellingErrorV2 SCXW207750117 BCX0\" data-ccp-parastyle=\"Normal (Web)\">d\u00e9fense<\/span> <span class=\"NormalTextRun SpellingErrorV2 SCXW207750117 BCX0\" data-ccp-parastyle=\"Normal (Web)\">enfants<\/span> <span class=\"NormalTextRun SpellingErrorV2 SCXW207750117 BCX0\" data-ccp-parastyle=\"Normal (Web)\">international<\/span><span class=\"NormalTextRun SCXW207750117 BCX0\" data-ccp-parastyle=\"Normal (Web)\">), AISPN (<\/span><span class=\"NormalTextRun SCXW207750117 BCX0\" data-ccp-parastyle=\"Normal (Web)\">Franstalige vereniging van pediatrische\/<\/span><span class=\"NormalTextRun SpellingErrorV2 SCXW207750117 BCX0\" data-ccp-parastyle=\"Normal (Web)\">neonatologische<\/span><span class=\"NormalTextRun SCXW207750117 BCX0\" data-ccp-parastyle=\"Normal (Web)\"> verpleegkundigen), Artsen Zonder Grenzen Belgi\u00eb, Dokters van de Wereld, het <\/span><\/span><a class=\"Hyperlink SCXW207750117 BCX0\" href=\"https:\/\/www.rodekruis.be\/redcross\/\" target=\"_blank\" rel=\"noreferrer noopener\"><span class=\"TextRun Underlined SCXW207750117 BCX0\" lang=\"NL-NL\" xml:lang=\"NL-NL\" data-contrast=\"none\"><span class=\"NormalTextRun SCXW207750117 BCX0\" data-ccp-charstyle=\"Hyperlink\">Belgische Rode Kruis<\/span><\/span><\/a><span class=\"TextRun SCXW207750117 BCX0\" lang=\"NL-NL\" xml:lang=\"NL-NL\" data-contrast=\"none\"><span class=\"NormalTextRun SCXW207750117 BCX0\" data-ccp-parastyle=\"Normal (Web)\">, <\/span><\/span><a class=\"Hyperlink SCXW207750117 BCX0\" href=\"https:\/\/www.hospichild.be\/nl\/unicef-roept-kinderen-op-om-luid-en-duidelijk-te-zeggen-dat-ze-zininschool-hebben\/?cn-reloaded=1\" target=\"_blank\" rel=\"noreferrer noopener\"><span class=\"TextRun Underlined SCXW207750117 BCX0\" lang=\"NL-NL\" xml:lang=\"NL-NL\" data-contrast=\"none\"><span class=\"NormalTextRun SCXW207750117 BCX0\" data-ccp-charstyle=\"Hyperlink\">UNICEF Belgi\u00eb<\/span><\/span><\/a><span class=\"TextRun SCXW207750117 BCX0\" lang=\"NL-NL\" xml:lang=\"NL-NL\" data-contrast=\"none\"><span class=\"NormalTextRun SCXW207750117 BCX0\" data-ccp-parastyle=\"Normal (Web)\">\u2026 komen weldra bijeen om hun activiteiten waar mogelijk te co\u00f6rdineren.<\/span><\/span><span class=\"EOP SCXW207750117 BCX0\" data-ccp-props=\"{&quot;134233117&quot;:true,&quot;134233118&quot;:true}\">\u00a0<\/span><\/p>\n<h3>Start van een &#8220;plan om kinderen te helpen die uit Oekra\u00efne naar Belgi\u00eb vluchten<\/h3>\n<p>Op 23 maart lanceerde de minister van Ontwikkelingssamenwerking Meryame Kitir, in samenwerking met UNICEF, een plan om kinderen te beschermen die uit Oekra\u00efne naar Belgi\u00eb vluchten. Daartoe heeft zij een budget van 2 miljoen euro vrijgemaakt. Met deze steun zal Belgi\u00eb werken aan de versterking van de registratie en screening van kinderen ter plaatse en aan de uitbreiding van de psychosociale zorg. &#8220;Kinderen moeten worden beschermd vanaf het punt van vertrek tot het punt van aankomst. Daarom heeft minister Kitir aan Unicef Belgi\u00eb gevraagd om ook in Belgi\u00eb de bescherming van kinderen te versterken.&#8221;<\/p>\n<h3><span class=\"TextRun MacChromeBold SCXW107103496 BCX0\" lang=\"NL-NL\" xml:lang=\"NL-NL\" data-contrast=\"none\"><span class=\"NormalTextRun SCXW107103496 BCX0\" data-ccp-parastyle=\"heading 3\">Dringende oproep voor donaties voor Oekra\u00efense kinderen met kanker\u00a0<\/span><\/span><\/h3>\n<p><span data-contrast=\"none\">Vijf Belgische organisaties (<\/span><a href=\"https:\/\/www.hospichild.be\/nl\/mooi-bedrag-ingezameld-om-kinderkanker-de-wereld-uit-te-kicken\/\"><span data-contrast=\"none\">Kickcancer<\/span><\/a><span data-contrast=\"none\">,\u202f<\/span><a href=\"https:\/\/www.hospichild.be\/nl\/childrencancer-be-om-snel-de-gegevens-te-vinden-van-vzws-die-werken-rond-kinderkanker\/\"><span data-contrast=\"none\">Childrencancer.be<\/span><\/a><span data-contrast=\"none\">,\u202f<\/span><a href=\"https:\/\/www.hospichild.be\/nl\/verenigingen\/sun-child-2\/\"><span data-contrast=\"none\">Sun Child<\/span><\/a><span data-contrast=\"none\">, Kinderkankerfonds en Aide aux enfants canc\u00e9reux) staan klaar om een dertigtal Oekra\u00efense kinderen, die dringende zorg nodig hebben, samen met hun familie, op te vangen naargelang de beschikbaarheid van bedden op de dienst kinderoncologie. Daarvoor zijn ze op zoek naar financi\u00eble steun voor een bedrag van ongeveer 400.000 euro via donaties.<\/span><span data-ccp-props=\"{&quot;134233117&quot;:true,&quot;134233118&quot;:true}\">\u00a0<\/span><span data-contrast=\"none\">Sun Child, A.E.C., Kinderkankerfonds en Tuki zullen de zieke kinderen en hun gezinnen opvangen: huisvesting zoeken, financi\u00eble bijstand, aankopen materiaal, logistieke steun voor het vervoer, zorgverstrekking die niet wordt vergoed door de Belgische Sociale Zekerheid\u2026 KickCancer zal de co\u00f6rdinatie tussen Belgi\u00eb en de Europese landen verzekeren.<\/span><span data-ccp-props=\"{&quot;134233117&quot;:true,&quot;134233118&quot;:true}\">\u00a0<\/span><\/p>\n<p aria-level=\"4\"><b><i><span data-contrast=\"none\">\u2192<\/span><\/i><\/b><b><i><span data-contrast=\"none\"> Voor giften: Koning Boudewijnstichting \u2013 KickCancer Oekra\u00efne<\/span><\/i><\/b><br \/>\n<b><i><span data-contrast=\"none\">Rek. nr. BE10 0000 0000 0404<\/span><\/i><\/b><br \/>\n<b><i><span data-contrast=\"none\">Vermelding : 623\/3701\/40086<\/span><\/i><\/b><span data-ccp-props=\"{&quot;335559738&quot;:40}\">\u00a0<\/span><\/p>\n<p aria-level=\"4\"><b><i><span data-contrast=\"none\">Of online <\/span><\/i><\/b><a href=\"https:\/\/team.kickcancer.org\/nl\/partner-checkout\/action-ukraine#step1\"><b><i><span data-contrast=\"none\">via dit formulier<\/span><\/i><\/b><\/a><b><i><span data-contrast=\"none\">.\u00a0<\/span><\/i><\/b><span data-ccp-props=\"{&quot;335559738&quot;:40}\">\u00a0<\/span><\/p>\n<h3><span class=\"TextRun MacChromeBold SCXW109003845 BCX0\" lang=\"NL-NL\" xml:lang=\"NL-NL\" data-contrast=\"none\"><span class=\"NormalTextRun SCXW109003845 BCX0\" data-ccp-parastyle=\"heading 3\">Noodopvang in Paleis 8 van de <\/span><span class=\"NormalTextRun SpellingErrorV2 SCXW109003845 BCX0\" data-ccp-parastyle=\"heading 3\">Heizel<\/span><\/span><span class=\"EOP SCXW109003845 BCX0\" data-ccp-props=\"{&quot;335559738&quot;:40}\">\u00a0<\/span><\/h3>\n<p><span data-contrast=\"none\">Sinds 14 maart trokken tal van Oekra\u00efense vluchtelingen naar Paleis 8 op de Heizel. De Dienst Vreemdelingenzaken staat in voor de registratie en Fedasil voor de opvang. De vluchtelingen hebben eindelijk een plek om tot rust te komen. Velen van hen zijn vrouwen met kind(eren) en meerdere niet-begeleide minderjarigen, jonger dan 10 jaar. Zij worden opgevangen door het Rode Kruis. Sommige van deze kinderen hadden enkel een telefoonnummer van hun ouders op de hand geschreven.<\/span><br \/>\n<span data-ccp-props=\"{&quot;134233117&quot;:true,&quot;134233118&quot;:true}\">\u00a0<\/span><\/p>\n<p><span data-contrast=\"none\">Concreet verzekert het Rode Kruis vanaf nu in Paleis 8 van de Heizel:<\/span><span data-ccp-props=\"{&quot;134233117&quot;:true,&quot;134233118&quot;:true}\">\u00a0<\/span><\/p>\n<ul>\n<li data-leveltext=\"\uf0b7\" data-font=\"Symbol\" data-listid=\"1\" aria-setsize=\"-1\" data-aria-posinset=\"1\" data-aria-level=\"1\"><span data-contrast=\"none\">Uitdelen van drank en hapjes aan de mensen in de wachtrijen<\/span><span data-ccp-props=\"{&quot;134233117&quot;:true,&quot;134233118&quot;:true}\">\u00a0<\/span><\/li>\n<li data-leveltext=\"\uf0b7\" data-font=\"Symbol\" data-listid=\"1\" aria-setsize=\"-1\" data-aria-posinset=\"1\" data-aria-level=\"1\"><span data-contrast=\"none\">Uitdelen van flyers aan de mensen in de wachtrijen, met informatie over de aangeboden hulpverlening door de verschillende betrokken partijen (overheden, solidariteitsverenigingen\u2026)<\/span><span data-ccp-props=\"{&quot;134233117&quot;:true,&quot;134233118&quot;:true}\">\u00a0<\/span><\/li>\n<li data-leveltext=\"\uf0b7\" data-font=\"Symbol\" data-listid=\"1\" aria-setsize=\"-1\" data-aria-posinset=\"1\" data-aria-level=\"1\"><span data-contrast=\"none\">Bemannen en animeren van een speelzaal voor kinderen en een ruimte voor zuigelingen (borstvoeding en verschonen)\u00a0<\/span><span data-ccp-props=\"{&quot;134233117&quot;:true,&quot;134233118&quot;:true}\">\u00a0<\/span><\/li>\n<li data-leveltext=\"\uf0b7\" data-font=\"Symbol\" data-listid=\"1\" aria-setsize=\"-1\" data-aria-posinset=\"1\" data-aria-level=\"1\"><span data-contrast=\"none\">Uitdelen van drank en hapjes in de wachtkamers, aanwezigheid van vrijwillige vertalers<\/span><span data-ccp-props=\"{&quot;134233117&quot;:true,&quot;134233118&quot;:true}\">\u00a0<\/span><\/li>\n<li data-leveltext=\"\uf0b7\" data-font=\"Symbol\" data-listid=\"1\" aria-setsize=\"-1\" data-aria-posinset=\"1\" data-aria-level=\"1\"><span data-contrast=\"none\">Installatie van een medische hulppost<\/span><span data-ccp-props=\"{&quot;134233117&quot;:true,&quot;134233118&quot;:true}\">\u00a0<\/span><\/li>\n<li data-leveltext=\"\uf0b7\" data-font=\"Symbol\" data-listid=\"1\" aria-setsize=\"-1\" data-aria-posinset=\"1\" data-aria-level=\"1\"><span data-contrast=\"none\">Informeren over onze dienst voor het herstellen van familiebanden, die bevoegd is om inlichtingen in te winnen voor personen die geen nieuws hebben van hun naasten<\/span><span data-ccp-props=\"{&quot;134233117&quot;:true,&quot;134233118&quot;:true}\">\u00a0<\/span><\/li>\n<\/ul>\n<p style=\"padding-left: 40px;\">\u2192 <a href=\"https:\/\/sociaal.brussels\/organisation\/19269\"><b><span data-contrast=\"none\">Meer praktische info op de website van Sociaal Brussel<\/span><\/b><\/a><span data-ccp-props=\"{&quot;134233117&quot;:true,&quot;134233118&quot;:true}\">\u00a0<\/span><\/p>\n<p><iframe loading=\"lazy\" style=\"border: none; overflow: hidden;\" src=\"https:\/\/www.facebook.com\/plugins\/video.php?height=476&amp;href=https%3A%2F%2Fwww.facebook.com%2FFedasil%2Fvideos%2F709301656762430%2F&amp;show_text=false&amp;width=476&amp;t=0\" width=\"476\" height=\"476\" frameborder=\"0\" scrolling=\"no\" allowfullscreen=\"allowfullscreen\"><\/iframe><\/p>\n<h3><span class=\"TextRun MacChromeBold SCXW199487593 BCX0\" lang=\"NL-NL\" xml:lang=\"NL-NL\" data-contrast=\"none\"><span class=\"NormalTextRun SCXW199487593 BCX0\" data-ccp-parastyle=\"heading 3\">Gezondheidszorg<\/span><span class=\"NormalTextRun SCXW199487593 BCX0\" data-ccp-parastyle=\"heading 3\">, psychologi<\/span><span class=\"NormalTextRun SCXW199487593 BCX0\" data-ccp-parastyle=\"heading 3\">sche hulp<\/span><span class=\"NormalTextRun SCXW199487593 BCX0\" data-ccp-parastyle=\"heading 3\">, <\/span><span class=\"NormalTextRun SCXW199487593 BCX0\" data-ccp-parastyle=\"heading 3\">huisvesting<\/span><span class=\"NormalTextRun SCXW199487593 BCX0\" data-ccp-parastyle=\"heading 3\">\u2026<\/span><\/span><span class=\"EOP SCXW199487593 BCX0\" data-ccp-props=\"{&quot;335559738&quot;:40}\">\u00a0<\/span><\/h3>\n<p><span class=\"TextRun SCXW220955442 BCX0\" lang=\"NL-NL\" xml:lang=\"NL-NL\" data-contrast=\"none\"><span class=\"NormalTextRun SCXW220955442 BCX0\" data-ccp-parastyle=\"Normal (Web)\">Op het recente portaal (in zes talen) voor de humanitaire crisis in Oekra\u00efne, vindt u heel wat informatie over de noodhulp aan vluchtelingen. Voor huisvesting kunnen alle <\/span><span class=\"NormalTextRun SpellingErrorV2 SCXW220955442 BCX0\" data-ccp-parastyle=\"Normal (Web)\">Oekra\u00efeners<\/span><span class=\"NormalTextRun SCXW220955442 BCX0\" data-ccp-parastyle=\"Normal (Web)\"> zoals gezegd terecht in <\/span><\/span><a class=\"Hyperlink SCXW220955442 BCX0\" href=\"https:\/\/www.google.com\/maps\/place\/Paleis+8\/@50.9000733,4.3352008,15z\/data=!4m5!3m4!1s0x0:0xb454934e8c4d7d3f!8m2!3d50.9000733!4d4.3352008\" target=\"_blank\" rel=\"noreferrer noopener\"><span class=\"TextRun Underlined SCXW220955442 BCX0\" lang=\"NL-NL\" xml:lang=\"NL-NL\" data-contrast=\"none\"><span class=\"NormalTextRun SCXW220955442 BCX0\" data-ccp-charstyle=\"Hyperlink\">Paleis 8 van Brussels Expo op de <\/span><span class=\"NormalTextRun SCXW220955442 BCX0\" data-ccp-charstyle=\"Hyperlink\">Heizel<\/span><\/span><\/a><span class=\"TextRun SCXW220955442 BCX0\" lang=\"NL-NL\" xml:lang=\"NL-NL\" data-contrast=\"none\"><span class=\"NormalTextRun SCXW220955442 BCX0\" data-ccp-parastyle=\"Normal (Web)\"> (<\/span><span class=\"NormalTextRun SpellingErrorV2 SCXW220955442 BCX0\" data-ccp-parastyle=\"Normal (Web)\">V<\/span><span class=\"NormalTextRun SpellingErrorV2 SCXW220955442 BCX0\" data-ccp-parastyle=\"Normal (Web)\">erregatstraat<\/span><span class=\"NormalTextRun SCXW220955442 BCX0\" data-ccp-parastyle=\"Normal (Web)\"> 1<\/span><span class=\"NormalTextRun SCXW220955442 BCX0\" data-ccp-parastyle=\"Normal (Web)\"> \u2013 1020 Brussel). Na de registratie is het van groot belang om een <\/span><\/span><span class=\"TextRun MacChromeBold SCXW220955442 BCX0\" lang=\"NL-NL\" xml:lang=\"NL-NL\" data-contrast=\"none\"><span class=\"NormalTextRun SCXW220955442 BCX0\" data-ccp-parastyle=\"Normal (Web)\">attest van<\/span><\/span> <span class=\"TextRun MacChromeBold SCXW220955442 BCX0\" lang=\"NL-NL\" xml:lang=\"NL-NL\" data-contrast=\"none\"><span class=\"NormalTextRun SCXW220955442 BCX0\" data-ccp-parastyle=\"Normal (Web)\">tijdelijke bescherming<\/span><\/span><span class=\"TextRun SCXW220955442 BCX0\" lang=\"NL-NL\" xml:lang=\"NL-NL\" data-contrast=\"none\"><span class=\"NormalTextRun SCXW220955442 BCX0\" data-ccp-parastyle=\"Normal (Web)\"> aan te vragen bij de <\/span><span class=\"NormalTextRun SCXW220955442 BCX0\" data-ccp-parastyle=\"Normal (Web)\">Dienst Vreemdelingenzaken<\/span><span class=\"NormalTextRun SCXW220955442 BCX0\" data-ccp-parastyle=\"Normal (Web)\">. Dankzij het <\/span><\/span><span class=\"TextRun MacChromeBold SCXW220955442 BCX0\" lang=\"NL-NL\" xml:lang=\"NL-NL\" data-contrast=\"none\"><span class=\"NormalTextRun SCXW220955442 BCX0\" data-ccp-parastyle=\"Normal (Web)\">beschermd statuut<\/span><\/span><span class=\"TextRun SCXW220955442 BCX0\" lang=\"NL-NL\" xml:lang=\"NL-NL\" data-contrast=\"none\"><span class=\"NormalTextRun SCXW220955442 BCX0\" data-ccp-parastyle=\"Normal (Web)\"> kan de A-kaart aangevraagd worden bij de gemeente. Dan wordt het mogelijk om te werken, zich in te schrijven voor de verplichte ziekteverzekering en een beroep te doen op de OCMW-diensten van de gemeente waar men verblijft. <\/span><span class=\"NormalTextRun SCXW220955442 BCX0\" data-ccp-parastyle=\"Normal (Web)\">Wie psychologische hulp nodig heeft kan <\/span><\/span><span class=\"TextRun Underlined SCXW220955442 BCX0\" lang=\"NL-NL\" xml:lang=\"NL-NL\" data-contrast=\"none\"><span class=\"NormalTextRun SCXW220955442 BCX0\" data-ccp-charstyle=\"Hyperlink\">rechtstreeks contact opnemen met een aantal verenigingen<\/span><\/span><span class=\"TextRun SCXW220955442 BCX0\" lang=\"NL-NL\" xml:lang=\"NL-NL\" data-contrast=\"none\"><span class=\"NormalTextRun SCXW220955442 BCX0\" data-ccp-parastyle=\"Normal (Web)\">.<\/span><span class=\"NormalTextRun SCXW220955442 BCX0\" data-ccp-charstyle=\"apple-converted-space\" data-ccp-charstyle-defn=\"{&quot;ObjectId&quot;:&quot;750db732-aea0-4d44-9210-69fde2af9cd3|77&quot;,&quot;ClassId&quot;:1073872969,&quot;Properties&quot;:[469775450,&quot;apple-converted-space&quot;,201340122,&quot;1&quot;,134233614,&quot;true&quot;,469778129,&quot;apple-converted-space&quot;,335572020,&quot;1&quot;,469778324,&quot;Default Paragraph Font&quot;]}\">\u202f<\/span><\/span><span class=\"EOP SCXW220955442 BCX0\" data-ccp-props=\"{&quot;134233117&quot;:true,&quot;134233118&quot;:true}\">\u00a0<\/span><\/p>\n<h3><span class=\"EOP SCXW87213636 BCX0\" data-ccp-props=\"{&quot;335559738&quot;:40}\">Aan de Nederlandse kant <\/span><\/h3>\n<p><span class=\"field field--name-title field--type-string field--label-hidden\"><span class=\"TextRun SCXW154892042 BCX0\" lang=\"NL-NL\" xml:lang=\"NL-NL\" data-contrast=\"none\"><span class=\"NormalTextRun SCXW154892042 BCX0\" data-ccp-parastyle=\"Normal (Web)\">De meeste vluchtelingenorganisaties zijn tweetalig<\/span><span class=\"NormalTextRun SCXW154892042 BCX0\" data-ccp-parastyle=\"Normal (Web)\">, <\/span><span class=\"NormalTextRun SCXW154892042 BCX0\" data-ccp-parastyle=\"Normal (Web)\">maar sommige initiatieven bestaan enkel in het Nederlandstalige gedeelte van Brussel. Zo biedt<\/span><span class=\"NormalTextRun SCXW154892042 BCX0\" data-ccp-charstyle=\"apple-converted-space\" data-ccp-charstyle-defn=\"{&quot;ObjectId&quot;:&quot;750db732-aea0-4d44-9210-69fde2af9cd3|77&quot;,&quot;ClassId&quot;:1073872969,&quot;Properties&quot;:[469775450,&quot;apple-converted-space&quot;,201340122,&quot;1&quot;,134233614,&quot;true&quot;,469778129,&quot;apple-converted-space&quot;,335572020,&quot;1&quot;,469778324,&quot;Default Paragraph Font&quot;]}\">\u202f<\/span><\/span><a class=\"Hyperlink SCXW154892042 BCX0\" href=\"https:\/\/minor-ndako.be\/\" target=\"_blank\" rel=\"noreferrer noopener\"><span class=\"TextRun Underlined SCXW154892042 BCX0\" lang=\"NL-NL\" xml:lang=\"NL-NL\" data-contrast=\"none\"><span class=\"NormalTextRun SCXW154892042 BCX0\" data-ccp-charstyle=\"Hyperlink\">Minor-<\/span><span class=\"NormalTextRun SCXW154892042 BCX0\" data-ccp-charstyle=\"Hyperlink\">N<\/span><span class=\"NormalTextRun SCXW154892042 BCX0\" data-ccp-charstyle=\"Hyperlink\">dako<\/span><\/span><\/a><span class=\"TextRun SCXW154892042 BCX0\" lang=\"NL-NL\" xml:lang=\"NL-NL\" data-contrast=\"none\"><span class=\"NormalTextRun SCXW154892042 BCX0\" data-ccp-charstyle=\"apple-converted-space\">\u202f<\/span><span class=\"NormalTextRun SCXW154892042 BCX0\" data-ccp-parastyle=\"Normal (Web)\">aangepaste zorg en begeleiding voor kinderen, jongeren en hun context in een problematische situatie.\u202f<\/span><span class=\"NormalTextRun SCXW154892042 BCX0\" data-ccp-parastyle=\"Normal (Web)\">Zij zijn bijzonder actief met het opvangen van minderjarige <\/span><span class=\"NormalTextRun SpellingErrorV2 SCXW154892042 BCX0\" data-ccp-parastyle=\"Normal (Web)\">Oekra\u00efeners<\/span><span class=\"NormalTextRun SCXW154892042 BCX0\" data-ccp-parastyle=\"Normal (Web)\">. <\/span><span class=\"NormalTextRun SCXW154892042 BCX0\" data-ccp-parastyle=\"Normal (Web)\">Men kan ook contact opnemen met de \u2018<\/span><\/span><a class=\"Hyperlink SCXW154892042 BCX0\" href=\"https:\/\/www.jeugdhulp.be\/organisaties\/organisatie-voor-bijzondere-jeugdzorg-ovbj\" target=\"_blank\" rel=\"noreferrer noopener\"><span class=\"TextRun Underlined SCXW154892042 BCX0\" lang=\"NL-NL\" xml:lang=\"NL-NL\" data-contrast=\"none\"><span class=\"NormalTextRun SCXW154892042 BCX0\" data-ccp-charstyle=\"Hyperlink\">Organisatie voor bijzondere j<\/span><span class=\"NormalTextRun SCXW154892042 BCX0\" data-ccp-charstyle=\"Hyperlink\">e<\/span><span class=\"NormalTextRun SCXW154892042 BCX0\" data-ccp-charstyle=\"Hyperlink\">ugdzorg (OVBJ)<\/span><\/span><\/a><span class=\"TextRun SCXW154892042 BCX0\" lang=\"NL-NL\" xml:lang=\"NL-NL\" data-contrast=\"none\"><span class=\"NormalTextRun SCXW154892042 BCX0\" data-ccp-charstyle=\"field\" data-ccp-charstyle-defn=\"{&quot;ObjectId&quot;:&quot;750db732-aea0-4d44-9210-69fde2af9cd3|81&quot;,&quot;ClassId&quot;:1073872969,&quot;Properties&quot;:[469775450,&quot;field&quot;,201340122,&quot;1&quot;,134233614,&quot;true&quot;,469778129,&quot;field&quot;,335572020,&quot;1&quot;,469778324,&quot;Default Paragraph Font&quot;]}\">\u2019<\/span> <span class=\"NormalTextRun SCXW154892042 BCX0\" data-ccp-charstyle=\"field\">voor de <\/span><span class=\"NormalTextRun SCXW154892042 BCX0\" data-ccp-charstyle=\"field\">noodopvang van minderjarigen of voor algemene begeleiding. <\/span><span class=\"NormalTextRun SCXW154892042 BCX0\" data-ccp-charstyle=\"field\">En dan is er nog<\/span> <\/span><a class=\"Hyperlink SCXW154892042 BCX0\" href=\"https:\/\/solentra.be\/fr\/\" target=\"_blank\" rel=\"noreferrer noopener\"><span class=\"TextRun Underlined SCXW154892042 BCX0\" lang=\"NL-NL\" xml:lang=\"NL-NL\" data-contrast=\"none\"><span class=\"NormalTextRun SCXW154892042 BCX0\" data-ccp-charstyle=\"Hyperlink\">Solent<\/span><span class=\"NormalTextRun SCXW154892042 BCX0\" data-ccp-charstyle=\"Hyperlink\">r<\/span><span class=\"NormalTextRun SCXW154892042 BCX0\" data-ccp-charstyle=\"Hyperlink\">a<\/span><\/span><\/a><span class=\"TextRun SCXW154892042 BCX0\" lang=\"NL-NL\" xml:lang=\"NL-NL\" data-contrast=\"none\"><span class=\"NormalTextRun SCXW154892042 BCX0\" data-ccp-charstyle=\"apple-converted-space\">\u202f<\/span><span class=\"NormalTextRun SCXW154892042 BCX0\" data-ccp-charstyle=\"field\">(<\/span><span class=\"NormalTextRun SCXW154892042 BCX0\" data-ccp-charstyle=\"field\">verbonden aan<\/span><span class=\"NormalTextRun SCXW154892042 BCX0\" data-ccp-charstyle=\"apple-converted-space\">\u202f<\/span><\/span><a class=\"Hyperlink SCXW154892042 BCX0\" href=\"https:\/\/www.hospichild.be\/nl\/uz-brussel\/\" target=\"_blank\" rel=\"noreferrer noopener\"><span class=\"TextRun Underlined SCXW154892042 BCX0\" lang=\"NL-NL\" xml:lang=\"NL-NL\" data-contrast=\"none\"><span class=\"NormalTextRun SCXW154892042 BCX0\" data-ccp-charstyle=\"Hyperlink\">UZ <\/span><span class=\"NormalTextRun SCXW154892042 BCX0\" data-ccp-charstyle=\"Hyperlink\">B<\/span><span class=\"NormalTextRun SCXW154892042 BCX0\" data-ccp-charstyle=\"Hyperlink\">russel<\/span><\/span><\/a><span class=\"TextRun SCXW154892042 BCX0\" lang=\"NL-NL\" xml:lang=\"NL-NL\" data-contrast=\"none\"><span class=\"NormalTextRun SCXW154892042 BCX0\" data-ccp-charstyle=\"field\">) <\/span><span class=\"NormalTextRun SCXW154892042 BCX0\" data-ccp-charstyle=\"field\">dat als <\/span><\/span><span class=\"TextRun SCXW154892042 BCX0\" lang=\"NL-BE\" xml:lang=\"NL-BE\" data-contrast=\"none\"><span class=\"NormalTextRun SCXW154892042 BCX0\" data-ccp-parastyle=\"Normal (Web)\">expert in de\u202ftransculturele psychiatrie psychische zorg en hulpverlening <\/span><span class=\"NormalTextRun SCXW154892042 BCX0\" data-ccp-parastyle=\"Normal (Web)\">biedt <\/span><span class=\"NormalTextRun SCXW154892042 BCX0\" data-ccp-parastyle=\"Normal (Web)\">aan jonge vluchtelingen- en migrantenkinderen en hun gezin.\u202f<\/span><\/span><span class=\"EOP SCXW154892042 BCX0\" data-ccp-props=\"{&quot;134233117&quot;:true,&quot;134233118&quot;:true}\">\u00a0<\/span><\/span><\/p>\n<h3><span class=\"TextRun MacChromeBold SCXW263651508 BCX0\" lang=\"NL-NL\" xml:lang=\"NL-NL\" data-contrast=\"none\"><span class=\"NormalTextRun SCXW263651508 BCX0\" data-ccp-parastyle=\"heading 3\">Nuttige links<\/span><\/span><span class=\"EOP SCXW263651508 BCX0\" data-ccp-props=\"{&quot;335559738&quot;:40}\">\u00a0<\/span><\/h3>\n<p><b><span data-contrast=\"none\">Voor het brede publiek:<\/span><\/b><span data-ccp-props=\"{&quot;134233117&quot;:true,&quot;134233118&quot;:true}\">\u00a0<\/span><\/p>\n<ul>\n<li data-leveltext=\"\uf0b7\" data-font=\"Symbol\" data-listid=\"2\" aria-setsize=\"-1\" data-aria-posinset=\"1\" data-aria-level=\"1\"><a href=\"https:\/\/www.hospichild.be\/wp-content\/uploads\/2022\/03\/Ukraine.pdf\"><span data-contrast=\"none\">Faire un don pour une prise en charge optimale, en Belgique, des enfants ukrainiens canc\u00e9reux<\/span><\/a><span data-ccp-props=\"{&quot;134233117&quot;:true,&quot;134233118&quot;:true}\">\u00a0<\/span><\/li>\n<li data-leveltext=\"\uf0b7\" data-font=\"Symbol\" data-listid=\"2\" aria-setsize=\"-1\" data-aria-posinset=\"2\" data-aria-level=\"1\"><a href=\"https:\/\/www.facebook.com\/groups\/hostingorphansfromukraine\/\"><span data-contrast=\"none\">Private Facebookgroep voor hulp aan Oekra\u00efense minderjarigen: Associaton of hosting families for orphans\u202f<\/span><\/a><span data-ccp-props=\"{&quot;134233117&quot;:true,&quot;134233118&quot;:true}\">\u00a0<\/span><\/li>\n<li data-leveltext=\"\uf0b7\" data-font=\"Symbol\" data-listid=\"2\" aria-setsize=\"-1\" data-aria-posinset=\"2\" data-aria-level=\"1\"><span data-contrast=\"none\">Een Oekra\u00efens gezin bij u thuis opvangen: inschrijvingsformulier<\/span><span data-ccp-props=\"{&quot;134233117&quot;:true,&quot;134233118&quot;:true}\">\u00a0<\/span><\/li>\n<li data-leveltext=\"\uf0b7\" data-font=\"Symbol\" data-listid=\"2\" aria-setsize=\"-1\" data-aria-posinset=\"2\" data-aria-level=\"1\"><a href=\"https:\/\/www.rodekruis.be\/hulp\/oekraine-doe-een-gift\/\"><span data-contrast=\"none\">Een gift aan het Rode Kruis voor humanitaire hulp<\/span><\/a><span data-contrast=\"none\">\u00a0<\/span><span data-ccp-props=\"{&quot;134233117&quot;:true,&quot;134233118&quot;:true}\">\u00a0<\/span><\/li>\n<li data-leveltext=\"\uf0b7\" data-font=\"Symbol\" data-listid=\"2\" aria-setsize=\"-1\" data-aria-posinset=\"2\" data-aria-level=\"1\"><a href=\"https:\/\/info-ukraine.be\/nl\"><span data-contrast=\"none\">Belgisch<\/span><\/a><span data-contrast=\"none\"> portaal (in zes talen) voor de humanitaire crisis in Oekra\u00efne\u00a0<\/span><span data-ccp-props=\"{&quot;134233117&quot;:true,&quot;134233118&quot;:true}\">\u00a0<\/span><\/li>\n<li data-leveltext=\"\uf0b7\" data-font=\"Symbol\" data-listid=\"2\" aria-setsize=\"-1\" data-aria-posinset=\"2\" data-aria-level=\"1\"><a href=\"https:\/\/www.vlaanderen.be\/vlaanderen-helpt-oekraine\">Vlaanderen helpt Oekra\u00efne | Vlaanderen.be<\/a><\/li>\n<li>Infolijn de Vluchtelingenwerk Vlaanderen\u00a0: <a href=\"https:\/\/vluchtelingenwerk.be\/\">Infolijn | Vluchtelingenwerk<\/a><\/li>\n<\/ul>\n<p><b><span data-contrast=\"none\">Voor professionals:<\/span><\/b><span data-ccp-props=\"{&quot;134233117&quot;:true,&quot;134233118&quot;:true}\">\u00a0<\/span><\/p>\n<ul>\n<li data-leveltext=\"\uf0b7\" data-font=\"Symbol\" data-listid=\"7\" aria-setsize=\"-1\" data-aria-posinset=\"4\" data-aria-level=\"1\"><a href=\"https:\/\/www.medimmigrant.be\/nl\/pagina-s\/toegang-tot-gezondheidszorg-oekrainers?lang=nl%22%20\\t%20%22_blank\"><span data-contrast=\"none\">Toegang tot gezondheidszorg Oekra\u00efners \u2013 Medimmigrant<\/span><\/a><span data-ccp-props=\"{&quot;335559738&quot;:40}\">\u00a0<\/span><\/li>\n<li data-leveltext=\"\uf0b7\" data-font=\"Symbol\" data-listid=\"7\" aria-setsize=\"-1\" data-aria-posinset=\"4\" data-aria-level=\"1\"><span data-contrast=\"none\">Brussel activeert de provinciale crisisfase \u2013 Brussel Preventie en Veiligheid<\/span><span data-ccp-props=\"{&quot;134233117&quot;:true,&quot;134233118&quot;:true,&quot;335559738&quot;:161,&quot;335559739&quot;:600}\">\u00a0<\/span><\/li>\n<li><a href=\"https:\/\/www.vvsg.be\/nieuws\/niet-begeleide-minderjarige-bij-gemeente-of-ocmw-doe-steeds-melding-bij-de-dienst-voogdij\">Niet-begeleide minderjarige bij gemeente of OCMW: doe steeds melding bij de Dienst Voogdij (vvsg.be)<\/a><\/li>\n<li><a href=\"https:\/\/www.groeipakket.be\/Oekra%C3%AFne\">Recht op Groeipakket voor Oekra\u00efense gezinnen (vvsg.be)<\/a><\/li>\n<li data-leveltext=\"\uf0b7\" data-font=\"Symbol\" data-listid=\"7\" aria-setsize=\"-1\" data-aria-posinset=\"4\" data-aria-level=\"1\"><span data-contrast=\"none\">Organiseert u een inzameling van kledij, dekens, geneesmiddelen of voedingsmiddelen, neem dan contact op met de <\/span><a href=\"https:\/\/www.facebook.com\/UkrainianEmbassyBelgium\"><span data-contrast=\"none\">Ambassade van Oekra\u00efne in Brussel<\/span><\/a><span data-contrast=\"none\"> (<\/span><span data-contrast=\"none\">02 379 21 25)<\/span><span data-ccp-props=\"{&quot;134233117&quot;:true,&quot;134233118&quot;:true,&quot;335559738&quot;:161,&quot;335559739&quot;:600}\">\u00a0<\/span><\/li>\n<li data-leveltext=\"\uf0b7\" data-font=\"Symbol\" data-listid=\"7\" aria-setsize=\"-1\" data-aria-posinset=\"4\" data-aria-level=\"1\"><span data-contrast=\"none\">Samu Social zoekt tolken die Russisch of Oekra\u00efens spreken. Aarzel niet en neem contact op via\u202finfo@samusocial.be<\/span><span data-ccp-props=\"{&quot;134233117&quot;:true,&quot;134233118&quot;:true,&quot;335559738&quot;:161,&quot;335559739&quot;:600}\">\u00a0<\/span><\/li>\n<\/ul>\n<p><strong>Voor gezinnen die Oekra\u00efense vluchtelingen opvangen :<\/strong><\/p>\n<ul>\n<li>Oekra\u00efense gezinnen bij u thuis ontvangen &#8211; inschrijvingsformulier.<\/li>\n<li>Pictogrammen voor gastgezinnen<\/li>\n<\/ul>\n<p><b><span data-contrast=\"none\">Voor de scholen:<\/span><\/b><span data-ccp-props=\"{&quot;134233117&quot;:true,&quot;134233118&quot;:true}\">\u00a0<\/span><\/p>\n<ul>\n<li data-leveltext=\"\uf0b7\" data-font=\"Symbol\" data-listid=\"4\" aria-setsize=\"-1\" data-aria-posinset=\"4\" data-aria-level=\"1\"><span data-contrast=\"none\">Scholen kunnen een mail sturen naar de DGEO (info.dgeo@cfwb.be) of bellen naar het groene nummer 0800\/20.000<\/span><span data-ccp-props=\"{&quot;134233117&quot;:true,&quot;134233118&quot;:true}\">\u00a0<\/span><\/li>\n<li data-leveltext=\"\uf0b7\" data-font=\"Symbol\" data-listid=\"4\" aria-setsize=\"-1\" data-aria-posinset=\"4\" data-aria-level=\"1\"><span data-contrast=\"none\">Voor inlichting over het initiatief voor de oprichting van een Oekra\u00efense school in Brussel:\u202f<\/span><a href=\"mailto:brussel.school.ukraine@gmail.com\"><span data-contrast=\"none\">school.ukraine@gmail.com<\/span><\/a><span data-contrast=\"none\">\u202fof 0032.472. 68.31.20<\/span><span data-ccp-props=\"{&quot;134233117&quot;:true,&quot;134233118&quot;:true}\">\u00a0<\/span><\/li>\n<\/ul>\n<p aria-level=\"2\"><b><span data-contrast=\"none\">\u2192<\/span><\/b><b><span data-contrast=\"none\"> HEBT U ANDERE INFORMATIE OVER KINDEREN DIE GEVLUCHT ZIJN UIT OEKRA\u00cfNE, NEEM DAN CONTACT MET ONS OP VIA INFO@HOSPICHILD.BE<\/span><\/b><span data-ccp-props=\"{&quot;335559738&quot;:40}\">\u00a0<\/span><\/p>\n","protected":false},"excerpt":{"rendered":"<p>Sinds de provinciale crisisfase werd afgekondigd in Brussel (op 16 maart), staat vast dat minister-president Rudy Vervoort de Oekra\u00efense humanitaire crisis in de hoofdstad in goede banen zal leiden. Er zullen synergie\u00ebn ontstaan tussen de verschillende spelers uit het werkveld met het oog op een \u2018optimale co\u00f6rdinatie\u2019. Wat het onthaal van kinderen, jongeren en hun&hellip;<\/p>\n<p><a class=\"more-link\" href=\"https:\/\/www.hospichild.be\/nl\/kinderen-en-jongeren-uit-oekraine-op-de-vlucht-hoe-kunnen-we-ze-helpen-in-brussel\/\" title=\"Continue reading &lsquo;Kinderen en jongeren uit Oekra\u00efne op de vlucht. Hoe kunnen we ze helpen in Brussel?&rsquo;\">Meer lezen over <span class=\"meta-nav\">\u2192<\/span><\/a><\/p>\n","protected":false},"author":5,"featured_media":0,"comment_status":"closed","ping_status":"closed","sticky":false,"template":"","format":"standard","meta":{"_acf_changed":false,"footnotes":""},"categories":[146,30,32,35,31],"tags":[],"class_list":["post-11324","post","type-post","status-publish","format-standard","hentry","category-actualiteiten-2","category-actualites","category-actus","category-categorie-1-nl","category-nieuws"],"acf":[],"yoast_head":"<!-- This site is optimized with the Yoast SEO plugin v27.3 - https:\/\/yoast.com\/product\/yoast-seo-wordpress\/ -->\n<title>Kinderen en jongeren uit Oekra\u00efne op de vlucht. Hoe kunnen we ze helpen in Brussel?<\/title>\n<meta name=\"description\" content=\"Overzicht van de initiatieven en mogelijkheden om deze kinderen, waarvan sommige ziek, niet-begeleid of wees zijn, te helpen.\" \/>\n<meta name=\"robots\" content=\"index, follow, max-snippet:-1, max-image-preview:large, max-video-preview:-1\" \/>\n<link rel=\"canonical\" href=\"https:\/\/www.hospichild.be\/nl\/kinderen-en-jongeren-uit-oekraine-op-de-vlucht-hoe-kunnen-we-ze-helpen-in-brussel\/\" \/>\n<meta property=\"og:locale\" content=\"nl_NL\" \/>\n<meta property=\"og:type\" content=\"article\" \/>\n<meta property=\"og:title\" content=\"Kinderen en jongeren uit Oekra\u00efne op de vlucht. Hoe kunnen we ze helpen in Brussel?\" \/>\n<meta property=\"og:description\" content=\"Overzicht van de initiatieven en mogelijkheden om deze kinderen, waarvan sommige ziek, niet-begeleid of wees zijn, te helpen.\" \/>\n<meta property=\"og:url\" content=\"https:\/\/www.hospichild.be\/nl\/kinderen-en-jongeren-uit-oekraine-op-de-vlucht-hoe-kunnen-we-ze-helpen-in-brussel\/\" \/>\n<meta property=\"og:site_name\" content=\"Hospichild\" \/>\n<meta property=\"article:publisher\" content=\"https:\/\/www.facebook.com\/Hospichild\" \/>\n<meta property=\"article:published_time\" content=\"2022-03-17T13:06:27+00:00\" \/>\n<meta property=\"article:modified_time\" content=\"2025-10-31T14:32:57+00:00\" \/>\n<meta property=\"og:image\" content=\"https:\/\/www.hospichild.be\/wp-content\/uploads\/2022\/03\/tong-su-CtL111sDtJU-unsplash1.jpg\" \/>\n\t<meta property=\"og:image:width\" content=\"1920\" \/>\n\t<meta property=\"og:image:height\" content=\"1280\" \/>\n\t<meta property=\"og:image:type\" content=\"image\/jpeg\" \/>\n<meta name=\"author\" content=\"Sofia Dou\u00efeb\" \/>\n<meta name=\"twitter:card\" content=\"summary_large_image\" \/>\n<meta name=\"twitter:creator\" content=\"@hospichild\" \/>\n<meta name=\"twitter:site\" content=\"@hospichild\" \/>\n<meta name=\"twitter:label1\" content=\"Geschreven door\" \/>\n\t<meta name=\"twitter:data1\" content=\"Sofia Dou\u00efeb\" \/>\n\t<meta name=\"twitter:label2\" content=\"Geschatte leestijd\" \/>\n\t<meta name=\"twitter:data2\" content=\"7 minuten\" \/>\n<script type=\"application\/ld+json\" class=\"yoast-schema-graph\">{\"@context\":\"https:\\\/\\\/schema.org\",\"@graph\":[{\"@type\":\"Article\",\"@id\":\"https:\\\/\\\/www.hospichild.be\\\/nl\\\/kinderen-en-jongeren-uit-oekraine-op-de-vlucht-hoe-kunnen-we-ze-helpen-in-brussel\\\/#article\",\"isPartOf\":{\"@id\":\"https:\\\/\\\/www.hospichild.be\\\/nl\\\/kinderen-en-jongeren-uit-oekraine-op-de-vlucht-hoe-kunnen-we-ze-helpen-in-brussel\\\/\"},\"author\":{\"name\":\"Sofia Dou\u00efeb\",\"@id\":\"https:\\\/\\\/www.hospichild.be\\\/#\\\/schema\\\/person\\\/83dbfb3ed66462725d089c00fe263539\"},\"headline\":\"Kinderen en jongeren uit Oekra\u00efne op de vlucht. Hoe kunnen we ze helpen in Brussel?\",\"datePublished\":\"2022-03-17T13:06:27+00:00\",\"dateModified\":\"2025-10-31T14:32:57+00:00\",\"mainEntityOfPage\":{\"@id\":\"https:\\\/\\\/www.hospichild.be\\\/nl\\\/kinderen-en-jongeren-uit-oekraine-op-de-vlucht-hoe-kunnen-we-ze-helpen-in-brussel\\\/\"},\"wordCount\":1174,\"publisher\":{\"@id\":\"https:\\\/\\\/www.hospichild.be\\\/#organization\"},\"image\":{\"@id\":\"https:\\\/\\\/www.hospichild.be\\\/nl\\\/kinderen-en-jongeren-uit-oekraine-op-de-vlucht-hoe-kunnen-we-ze-helpen-in-brussel\\\/#primaryimage\"},\"thumbnailUrl\":\"https:\\\/\\\/www.hospichild.be\\\/wp-content\\\/uploads\\\/2022\\\/03\\\/tong-su-CtL111sDtJU-unsplash1.jpg\",\"articleSection\":[\"Actualiteiten\",\"Actualit\u00e9s\",\"Actus\",\"Categorie 1\",\"Nieuws\"],\"inLanguage\":\"nl-NL\"},{\"@type\":\"WebPage\",\"@id\":\"https:\\\/\\\/www.hospichild.be\\\/nl\\\/kinderen-en-jongeren-uit-oekraine-op-de-vlucht-hoe-kunnen-we-ze-helpen-in-brussel\\\/\",\"url\":\"https:\\\/\\\/www.hospichild.be\\\/nl\\\/kinderen-en-jongeren-uit-oekraine-op-de-vlucht-hoe-kunnen-we-ze-helpen-in-brussel\\\/\",\"name\":\"Kinderen en jongeren uit Oekra\u00efne op de vlucht. Hoe kunnen we ze helpen in Brussel?\",\"isPartOf\":{\"@id\":\"https:\\\/\\\/www.hospichild.be\\\/#website\"},\"primaryImageOfPage\":{\"@id\":\"https:\\\/\\\/www.hospichild.be\\\/nl\\\/kinderen-en-jongeren-uit-oekraine-op-de-vlucht-hoe-kunnen-we-ze-helpen-in-brussel\\\/#primaryimage\"},\"image\":{\"@id\":\"https:\\\/\\\/www.hospichild.be\\\/nl\\\/kinderen-en-jongeren-uit-oekraine-op-de-vlucht-hoe-kunnen-we-ze-helpen-in-brussel\\\/#primaryimage\"},\"thumbnailUrl\":\"https:\\\/\\\/www.hospichild.be\\\/wp-content\\\/uploads\\\/2022\\\/03\\\/tong-su-CtL111sDtJU-unsplash1.jpg\",\"datePublished\":\"2022-03-17T13:06:27+00:00\",\"dateModified\":\"2025-10-31T14:32:57+00:00\",\"description\":\"Overzicht van de initiatieven en mogelijkheden om deze kinderen, waarvan sommige ziek, niet-begeleid of wees zijn, te helpen.\",\"breadcrumb\":{\"@id\":\"https:\\\/\\\/www.hospichild.be\\\/nl\\\/kinderen-en-jongeren-uit-oekraine-op-de-vlucht-hoe-kunnen-we-ze-helpen-in-brussel\\\/#breadcrumb\"},\"inLanguage\":\"nl-NL\",\"potentialAction\":[{\"@type\":\"ReadAction\",\"target\":[\"https:\\\/\\\/www.hospichild.be\\\/nl\\\/kinderen-en-jongeren-uit-oekraine-op-de-vlucht-hoe-kunnen-we-ze-helpen-in-brussel\\\/\"]}]},{\"@type\":\"ImageObject\",\"inLanguage\":\"nl-NL\",\"@id\":\"https:\\\/\\\/www.hospichild.be\\\/nl\\\/kinderen-en-jongeren-uit-oekraine-op-de-vlucht-hoe-kunnen-we-ze-helpen-in-brussel\\\/#primaryimage\",\"url\":\"https:\\\/\\\/www.hospichild.be\\\/wp-content\\\/uploads\\\/2022\\\/03\\\/tong-su-CtL111sDtJU-unsplash1.jpg\",\"contentUrl\":\"https:\\\/\\\/www.hospichild.be\\\/wp-content\\\/uploads\\\/2022\\\/03\\\/tong-su-CtL111sDtJU-unsplash1.jpg\"},{\"@type\":\"BreadcrumbList\",\"@id\":\"https:\\\/\\\/www.hospichild.be\\\/nl\\\/kinderen-en-jongeren-uit-oekraine-op-de-vlucht-hoe-kunnen-we-ze-helpen-in-brussel\\\/#breadcrumb\",\"itemListElement\":[{\"@type\":\"ListItem\",\"position\":1,\"name\":\"Accueil\",\"item\":\"https:\\\/\\\/www.hospichild.be\\\/nl\\\/\"},{\"@type\":\"ListItem\",\"position\":2,\"name\":\"Actualit\u00e9s\",\"item\":\"https:\\\/\\\/www.hospichild.be\\\/category\\\/actualites\\\/\"},{\"@type\":\"ListItem\",\"position\":3,\"name\":\"Kinderen en jongeren uit Oekra\u00efne op de vlucht. Hoe kunnen we ze helpen in Brussel?\"}]},{\"@type\":\"WebSite\",\"@id\":\"https:\\\/\\\/www.hospichild.be\\\/#website\",\"url\":\"https:\\\/\\\/www.hospichild.be\\\/\",\"name\":\"Hospichild\",\"description\":\"Toute l&#039;information sur l&#039;hospitalisation d&#039;un enfant de moins de 16 ans \u00e0 Bruxelles\",\"publisher\":{\"@id\":\"https:\\\/\\\/www.hospichild.be\\\/#organization\"},\"potentialAction\":[{\"@type\":\"SearchAction\",\"target\":{\"@type\":\"EntryPoint\",\"urlTemplate\":\"https:\\\/\\\/www.hospichild.be\\\/?s={search_term_string}\"},\"query-input\":{\"@type\":\"PropertyValueSpecification\",\"valueRequired\":true,\"valueName\":\"search_term_string\"}}],\"inLanguage\":\"nl-NL\"},{\"@type\":\"Organization\",\"@id\":\"https:\\\/\\\/www.hospichild.be\\\/#organization\",\"name\":\"Hospichild\",\"url\":\"https:\\\/\\\/www.hospichild.be\\\/\",\"logo\":{\"@type\":\"ImageObject\",\"inLanguage\":\"nl-NL\",\"@id\":\"https:\\\/\\\/www.hospichild.be\\\/#\\\/schema\\\/logo\\\/image\\\/\",\"url\":\"https:\\\/\\\/www.hospichild.be\\\/wp-content\\\/uploads\\\/2018\\\/12\\\/logo_simple.png\",\"contentUrl\":\"https:\\\/\\\/www.hospichild.be\\\/wp-content\\\/uploads\\\/2018\\\/12\\\/logo_simple.png\",\"width\":570,\"height\":114,\"caption\":\"Hospichild\"},\"image\":{\"@id\":\"https:\\\/\\\/www.hospichild.be\\\/#\\\/schema\\\/logo\\\/image\\\/\"},\"sameAs\":[\"https:\\\/\\\/www.facebook.com\\\/Hospichild\",\"https:\\\/\\\/x.com\\\/hospichild\"]},{\"@type\":\"Person\",\"@id\":\"https:\\\/\\\/www.hospichild.be\\\/#\\\/schema\\\/person\\\/83dbfb3ed66462725d089c00fe263539\",\"name\":\"Sofia Dou\u00efeb\",\"image\":{\"@type\":\"ImageObject\",\"inLanguage\":\"nl-NL\",\"@id\":\"https:\\\/\\\/secure.gravatar.com\\\/avatar\\\/cdb8495678698d3b0253ed12a68d806cbe6796188b6b6cda538c9e7c44fa9b36?s=96&d=mm&r=g\",\"url\":\"https:\\\/\\\/secure.gravatar.com\\\/avatar\\\/cdb8495678698d3b0253ed12a68d806cbe6796188b6b6cda538c9e7c44fa9b36?s=96&d=mm&r=g\",\"contentUrl\":\"https:\\\/\\\/secure.gravatar.com\\\/avatar\\\/cdb8495678698d3b0253ed12a68d806cbe6796188b6b6cda538c9e7c44fa9b36?s=96&d=mm&r=g\",\"caption\":\"Sofia Dou\u00efeb\"}}]}<\/script>\n<!-- \/ Yoast SEO plugin. -->","yoast_head_json":{"title":"Kinderen en jongeren uit Oekra\u00efne op de vlucht. Hoe kunnen we ze helpen in Brussel?","description":"Overzicht van de initiatieven en mogelijkheden om deze kinderen, waarvan sommige ziek, niet-begeleid of wees zijn, te helpen.","robots":{"index":"index","follow":"follow","max-snippet":"max-snippet:-1","max-image-preview":"max-image-preview:large","max-video-preview":"max-video-preview:-1"},"canonical":"https:\/\/www.hospichild.be\/nl\/kinderen-en-jongeren-uit-oekraine-op-de-vlucht-hoe-kunnen-we-ze-helpen-in-brussel\/","og_locale":"nl_NL","og_type":"article","og_title":"Kinderen en jongeren uit Oekra\u00efne op de vlucht. Hoe kunnen we ze helpen in Brussel?","og_description":"Overzicht van de initiatieven en mogelijkheden om deze kinderen, waarvan sommige ziek, niet-begeleid of wees zijn, te helpen.","og_url":"https:\/\/www.hospichild.be\/nl\/kinderen-en-jongeren-uit-oekraine-op-de-vlucht-hoe-kunnen-we-ze-helpen-in-brussel\/","og_site_name":"Hospichild","article_publisher":"https:\/\/www.facebook.com\/Hospichild","article_published_time":"2022-03-17T13:06:27+00:00","article_modified_time":"2025-10-31T14:32:57+00:00","og_image":[{"width":1920,"height":1280,"url":"https:\/\/www.hospichild.be\/wp-content\/uploads\/2022\/03\/tong-su-CtL111sDtJU-unsplash1.jpg","type":"image\/jpeg"}],"author":"Sofia Dou\u00efeb","twitter_card":"summary_large_image","twitter_creator":"@hospichild","twitter_site":"@hospichild","twitter_misc":{"Geschreven door":"Sofia Dou\u00efeb","Geschatte leestijd":"7 minuten"},"schema":{"@context":"https:\/\/schema.org","@graph":[{"@type":"Article","@id":"https:\/\/www.hospichild.be\/nl\/kinderen-en-jongeren-uit-oekraine-op-de-vlucht-hoe-kunnen-we-ze-helpen-in-brussel\/#article","isPartOf":{"@id":"https:\/\/www.hospichild.be\/nl\/kinderen-en-jongeren-uit-oekraine-op-de-vlucht-hoe-kunnen-we-ze-helpen-in-brussel\/"},"author":{"name":"Sofia Dou\u00efeb","@id":"https:\/\/www.hospichild.be\/#\/schema\/person\/83dbfb3ed66462725d089c00fe263539"},"headline":"Kinderen en jongeren uit Oekra\u00efne op de vlucht. Hoe kunnen we ze helpen in Brussel?","datePublished":"2022-03-17T13:06:27+00:00","dateModified":"2025-10-31T14:32:57+00:00","mainEntityOfPage":{"@id":"https:\/\/www.hospichild.be\/nl\/kinderen-en-jongeren-uit-oekraine-op-de-vlucht-hoe-kunnen-we-ze-helpen-in-brussel\/"},"wordCount":1174,"publisher":{"@id":"https:\/\/www.hospichild.be\/#organization"},"image":{"@id":"https:\/\/www.hospichild.be\/nl\/kinderen-en-jongeren-uit-oekraine-op-de-vlucht-hoe-kunnen-we-ze-helpen-in-brussel\/#primaryimage"},"thumbnailUrl":"https:\/\/www.hospichild.be\/wp-content\/uploads\/2022\/03\/tong-su-CtL111sDtJU-unsplash1.jpg","articleSection":["Actualiteiten","Actualit\u00e9s","Actus","Categorie 1","Nieuws"],"inLanguage":"nl-NL"},{"@type":"WebPage","@id":"https:\/\/www.hospichild.be\/nl\/kinderen-en-jongeren-uit-oekraine-op-de-vlucht-hoe-kunnen-we-ze-helpen-in-brussel\/","url":"https:\/\/www.hospichild.be\/nl\/kinderen-en-jongeren-uit-oekraine-op-de-vlucht-hoe-kunnen-we-ze-helpen-in-brussel\/","name":"Kinderen en jongeren uit Oekra\u00efne op de vlucht. Hoe kunnen we ze helpen in Brussel?","isPartOf":{"@id":"https:\/\/www.hospichild.be\/#website"},"primaryImageOfPage":{"@id":"https:\/\/www.hospichild.be\/nl\/kinderen-en-jongeren-uit-oekraine-op-de-vlucht-hoe-kunnen-we-ze-helpen-in-brussel\/#primaryimage"},"image":{"@id":"https:\/\/www.hospichild.be\/nl\/kinderen-en-jongeren-uit-oekraine-op-de-vlucht-hoe-kunnen-we-ze-helpen-in-brussel\/#primaryimage"},"thumbnailUrl":"https:\/\/www.hospichild.be\/wp-content\/uploads\/2022\/03\/tong-su-CtL111sDtJU-unsplash1.jpg","datePublished":"2022-03-17T13:06:27+00:00","dateModified":"2025-10-31T14:32:57+00:00","description":"Overzicht van de initiatieven en mogelijkheden om deze kinderen, waarvan sommige ziek, niet-begeleid of wees zijn, te helpen.","breadcrumb":{"@id":"https:\/\/www.hospichild.be\/nl\/kinderen-en-jongeren-uit-oekraine-op-de-vlucht-hoe-kunnen-we-ze-helpen-in-brussel\/#breadcrumb"},"inLanguage":"nl-NL","potentialAction":[{"@type":"ReadAction","target":["https:\/\/www.hospichild.be\/nl\/kinderen-en-jongeren-uit-oekraine-op-de-vlucht-hoe-kunnen-we-ze-helpen-in-brussel\/"]}]},{"@type":"ImageObject","inLanguage":"nl-NL","@id":"https:\/\/www.hospichild.be\/nl\/kinderen-en-jongeren-uit-oekraine-op-de-vlucht-hoe-kunnen-we-ze-helpen-in-brussel\/#primaryimage","url":"https:\/\/www.hospichild.be\/wp-content\/uploads\/2022\/03\/tong-su-CtL111sDtJU-unsplash1.jpg","contentUrl":"https:\/\/www.hospichild.be\/wp-content\/uploads\/2022\/03\/tong-su-CtL111sDtJU-unsplash1.jpg"},{"@type":"BreadcrumbList","@id":"https:\/\/www.hospichild.be\/nl\/kinderen-en-jongeren-uit-oekraine-op-de-vlucht-hoe-kunnen-we-ze-helpen-in-brussel\/#breadcrumb","itemListElement":[{"@type":"ListItem","position":1,"name":"Accueil","item":"https:\/\/www.hospichild.be\/nl\/"},{"@type":"ListItem","position":2,"name":"Actualit\u00e9s","item":"https:\/\/www.hospichild.be\/category\/actualites\/"},{"@type":"ListItem","position":3,"name":"Kinderen en jongeren uit Oekra\u00efne op de vlucht. Hoe kunnen we ze helpen in Brussel?"}]},{"@type":"WebSite","@id":"https:\/\/www.hospichild.be\/#website","url":"https:\/\/www.hospichild.be\/","name":"Hospichild","description":"Toute l&#039;information sur l&#039;hospitalisation d&#039;un enfant de moins de 16 ans \u00e0 Bruxelles","publisher":{"@id":"https:\/\/www.hospichild.be\/#organization"},"potentialAction":[{"@type":"SearchAction","target":{"@type":"EntryPoint","urlTemplate":"https:\/\/www.hospichild.be\/?s={search_term_string}"},"query-input":{"@type":"PropertyValueSpecification","valueRequired":true,"valueName":"search_term_string"}}],"inLanguage":"nl-NL"},{"@type":"Organization","@id":"https:\/\/www.hospichild.be\/#organization","name":"Hospichild","url":"https:\/\/www.hospichild.be\/","logo":{"@type":"ImageObject","inLanguage":"nl-NL","@id":"https:\/\/www.hospichild.be\/#\/schema\/logo\/image\/","url":"https:\/\/www.hospichild.be\/wp-content\/uploads\/2018\/12\/logo_simple.png","contentUrl":"https:\/\/www.hospichild.be\/wp-content\/uploads\/2018\/12\/logo_simple.png","width":570,"height":114,"caption":"Hospichild"},"image":{"@id":"https:\/\/www.hospichild.be\/#\/schema\/logo\/image\/"},"sameAs":["https:\/\/www.facebook.com\/Hospichild","https:\/\/x.com\/hospichild"]},{"@type":"Person","@id":"https:\/\/www.hospichild.be\/#\/schema\/person\/83dbfb3ed66462725d089c00fe263539","name":"Sofia Dou\u00efeb","image":{"@type":"ImageObject","inLanguage":"nl-NL","@id":"https:\/\/secure.gravatar.com\/avatar\/cdb8495678698d3b0253ed12a68d806cbe6796188b6b6cda538c9e7c44fa9b36?s=96&d=mm&r=g","url":"https:\/\/secure.gravatar.com\/avatar\/cdb8495678698d3b0253ed12a68d806cbe6796188b6b6cda538c9e7c44fa9b36?s=96&d=mm&r=g","contentUrl":"https:\/\/secure.gravatar.com\/avatar\/cdb8495678698d3b0253ed12a68d806cbe6796188b6b6cda538c9e7c44fa9b36?s=96&d=mm&r=g","caption":"Sofia Dou\u00efeb"}}]}},"views":635,"publishpress_future_action":{"enabled":false,"date":"2026-05-07 17:59:33","action":"change-status","newStatus":"draft","terms":[],"taxonomy":"category","extraData":[]},"publishpress_future_workflow_manual_trigger":{"enabledWorkflows":[]},"_links":{"self":[{"href":"https:\/\/www.hospichild.be\/nl\/wp-json\/wp\/v2\/posts\/11324","targetHints":{"allow":["GET"]}}],"collection":[{"href":"https:\/\/www.hospichild.be\/nl\/wp-json\/wp\/v2\/posts"}],"about":[{"href":"https:\/\/www.hospichild.be\/nl\/wp-json\/wp\/v2\/types\/post"}],"author":[{"embeddable":true,"href":"https:\/\/www.hospichild.be\/nl\/wp-json\/wp\/v2\/users\/5"}],"replies":[{"embeddable":true,"href":"https:\/\/www.hospichild.be\/nl\/wp-json\/wp\/v2\/comments?post=11324"}],"version-history":[{"count":12,"href":"https:\/\/www.hospichild.be\/nl\/wp-json\/wp\/v2\/posts\/11324\/revisions"}],"predecessor-version":[{"id":21562,"href":"https:\/\/www.hospichild.be\/nl\/wp-json\/wp\/v2\/posts\/11324\/revisions\/21562"}],"wp:attachment":[{"href":"https:\/\/www.hospichild.be\/nl\/wp-json\/wp\/v2\/media?parent=11324"}],"wp:term":[{"taxonomy":"category","embeddable":true,"href":"https:\/\/www.hospichild.be\/nl\/wp-json\/wp\/v2\/categories?post=11324"},{"taxonomy":"post_tag","embeddable":true,"href":"https:\/\/www.hospichild.be\/nl\/wp-json\/wp\/v2\/tags?post=11324"}],"curies":[{"name":"wp","href":"https:\/\/api.w.org\/{rel}","templated":true}]}}