{"id":14787,"date":"2024-03-04T11:37:59","date_gmt":"2024-03-04T10:37:59","guid":{"rendered":"https:\/\/www.hospichild.be\/?p=14787"},"modified":"2024-03-07T11:55:25","modified_gmt":"2024-03-07T10:55:25","slug":"de-strijd-tegen-obesitas-bij-kinderen-wordt-opgevoerd-in-belgie","status":"publish","type":"post","link":"https:\/\/www.hospichild.be\/nl\/de-strijd-tegen-obesitas-bij-kinderen-wordt-opgevoerd-in-belgie\/","title":{"rendered":"De strijd tegen obesitas bij kinderen wordt opgevoerd in Belgi\u00eb"},"content":{"rendered":"<p><strong>Op 4 maart is het Wereld Obesitas Dag: de perfecte gelegenheid om het te hebben over die pathologie die steeds meer kinderen treft. Verschillende regeringsmaatregelen en de opening van gespecialiseerde centra in Belgi\u00eb tonen aan dat de problematiek hier steeds beter wordt aangepakt. Dat is cruciaal, want volgens een recent onderzoek van de WGO is het percentage kinderen en jongeren met obesitas in dertig jaar verviervoudigd.<\/strong><\/p>\n<p><img loading=\"lazy\" decoding=\"async\" class=\"alignnone wp-image-14736\" src=\"https:\/\/www.hospichild.be\/wp-content\/uploads\/2024\/03\/kelly-sikkema-PMxoh8zJNb0-unsplash.jpg\" alt=\"\" width=\"689\" height=\"457\" srcset=\"https:\/\/www.hospichild.be\/wp-content\/uploads\/2024\/03\/kelly-sikkema-PMxoh8zJNb0-unsplash.jpg 1920w, https:\/\/www.hospichild.be\/wp-content\/uploads\/2024\/03\/kelly-sikkema-PMxoh8zJNb0-unsplash-300x199.jpg 300w, https:\/\/www.hospichild.be\/wp-content\/uploads\/2024\/03\/kelly-sikkema-PMxoh8zJNb0-unsplash-1024x678.jpg 1024w, https:\/\/www.hospichild.be\/wp-content\/uploads\/2024\/03\/kelly-sikkema-PMxoh8zJNb0-unsplash-768x509.jpg 768w, https:\/\/www.hospichild.be\/wp-content\/uploads\/2024\/03\/kelly-sikkema-PMxoh8zJNb0-unsplash-1536x1018.jpg 1536w\" sizes=\"auto, (max-width: 689px) 100vw, 689px\" \/><\/p>\n<p>Er is ook goed nieuws: eind december opende het\u00a0<a href=\"https:\/\/www.huderf.be\/nl\/diensten\/obesitas-bij-kinderen-en-adolescenten\">Multidisciplinair Kinderobesitascentrum (Centre P\u00e9diatrique Multidisciplinaire pour l&#8217;Ob\u00e9sit\u00e9 of )<\/a> in het Kinderziekenhuis zijn deuren en de regering maakt elf miljoen euro vrij voor de strijd tegen obesitas bij kinderen in Belgi\u00eb.<\/p>\n<h3><strong>Percentage kinderen en jongeren met obesitas is verviervoudigd\u00a0<\/strong><\/h3>\n<p>Recente gegevens in het Britse medische tijdschrift The Lancet \u2013 in samenwerking met de Wereldgezondheidsorganisatie (WGO) \u2013 in de aanloop naar Wereld Obesitas Dag onthullen een alarmerende realiteit: obesitas treft nu meer dan een miljard mensen wereldwijd, waaronder kinderen en jongeren. Die schatting wijst op een zorgwekkende versnelling van de problematiek. Tussen 1990 en 2022 is het obesitaspercentage bij kinderen en jongeren verviervoudigd en bij volwassenen verdubbeld. Die zorgwekkende trend benadrukt hoe dringend wereldwijde actie nodig is om die volksgezondheidsepidemie tegen te gaan. Door aanzienlijke maatregelen aan te kondigen om obesitas bij kinderen te bestrijden, neemt ook Belgi\u00eb deel aan de bewustwordings- en actiedynamiek.<\/p>\n<h3><strong>Nieuw Kinderobesitascentrum<\/strong><\/h3>\n<p>Op 1 december 2023 ging het Multidisciplinair Kinderobesitascentrum in het Kinderziekenhuis officieel open. Dat innovatieve centrum wordt ondersteund door het RIZIV en biedt gratis individuele zorg voor kinderen met overgewicht. Het Multidisciplinair Kinderobesitascentrum beschikt over een heel team van kinderartsen, di\u00ebtisten, psychologen en kinesitherapeuten en kan dus multidisciplinaire zorg bieden.\u00a0<em>&#8220;Onze holistische benadering heeft als doel de huidige en toekomstige levenskwaliteit van jonge pati\u00ebnten met obesitas te verbeteren door alle aspecten van kinderobesitas op een gespecialiseerde en multidisciplinaire manier aan te pakken&#8221;<\/em>, legt Melissa Moretti, di\u00ebtiste bij het Multidisciplinair Kinderobesitascentrum, uit.<\/p>\n<h3><strong>Kinderen mogen gratis op consultatie bij di\u00ebtisten\u00a0<\/strong><\/h3>\n<p>Dat nieuwe centrum volgt uit een beslissing van de Belgische regering van februari om de vergoedingsregels te herzien voor di\u00ebtisten die kinderen met obesitas behandelen. Voortaan hebben kinderen van 2 tot en met 17 jaar recht op consultaties zonder remgeld te moeten betalen. Tegenover die maatregel staat een aanzienlijke investering van 11 miljoen euro, wat bewijst dat Belgi\u00eb de zorgverlening wil verbeteren.<\/p>\n<h3><strong>Erkenning van gespecialiseerde centra<\/strong><\/h3>\n<p>Daarnaast is in 2022 het <a href=\"https:\/\/www.hospichild.be\/nl\/werelddag-obesitas-kinderen-lopen-steeds-meer-risico\/\">eerste gespecialiseerde centrum<\/a>voor obesitas bij kinderen geopend in Kidz Health Castle, het kinderziekenhuis van UZ Brussel. Dat is officieel aangewezen als een van de Collaborating Centres for Obesity Management door EASO (European Association for the Study of Obesity). Die erkenning bewijst dat in Belgi\u00eb uitmuntende praktijken worden toegepast om obesitas bij kinderen te bestrijden. Ons land toont steeds meer vastberadenheid om het tij te keren en de volgende generaties een gezondere toekomst te bieden.<\/p>\n<p>&nbsp;<\/p>\n<p style=\"text-align: right;\"><em>Sofia Douieb<\/em><\/p>\n<p><strong><span style=\"color: #339966;\">LEES OOK:<\/span><\/strong><\/p>\n<ul>\n<li>\n<h4><a href=\"https:\/\/www.hospichild.be\/nl\/werelddag-obesitas-kinderen-lopen-steeds-meer-risico\/\">Werelddag Obesitas: kinderen lopen steeds meer risico<\/a><\/h4>\n<\/li>\n<li>\n<h4><a href=\"https:\/\/www.hospichild.be\/davantage-de-moyens-pour-la-prise-en-charge-des-troubles-alimentaires-chez-les-jeunes\/\">Davantage de moyens pour la prise en charge des troubles alimentaires chez les jeunes (Franstalig artikel)<\/a><\/h4>\n<\/li>\n<li>\n<h4><a href=\"https:\/\/www.hospichild.be\/les-enfants-trop-exposes-aux-ecrans-avertit-une-enquete-francaise\/\">Les enfants trop expos\u00e9s aux \u00e9crans, avertit une enqu\u00eate fran\u00e7aise (Franstalig artikel)<\/a><\/h4>\n<\/li>\n<li>\n<h4><a href=\"https:\/\/www.hospichild.be\/a-la-maison\/maladies-rares-et-chroniques\/maladies-chroniques-pediatriques-des-aides-existent\/\">Maladies chroniques p\u00e9diatriques : des aides existent (Franstalig artikel)<\/a><\/h4>\n<\/li>\n<\/ul>\n","protected":false},"excerpt":{"rendered":"<p>Op 4 maart is het Wereld Obesitas Dag: de perfecte gelegenheid om het te hebben over die pathologie die steeds meer kinderen treft. Verschillende regeringsmaatregelen en de opening van gespecialiseerde centra in Belgi\u00eb tonen aan dat de problematiek hier steeds beter wordt aangepakt. Dat is cruciaal, want volgens een recent onderzoek van de WGO is&hellip;<\/p>\n<p><a class=\"more-link\" href=\"https:\/\/www.hospichild.be\/nl\/de-strijd-tegen-obesitas-bij-kinderen-wordt-opgevoerd-in-belgie\/\" title=\"Continue reading &lsquo;De strijd tegen obesitas bij kinderen wordt opgevoerd in Belgi\u00eb&rsquo;\">Meer lezen over <span class=\"meta-nav\">\u2192<\/span><\/a><\/p>\n","protected":false},"author":5,"featured_media":0,"comment_status":"closed","ping_status":"closed","sticky":false,"template":"","format":"standard","meta":{"_acf_changed":false,"footnotes":""},"categories":[140,31],"tags":[],"class_list":["post-14787","post","type-post","status-publish","format-standard","hentry","category-actualiteiten","category-nieuws"],"acf":[],"yoast_head":"<!-- This site is optimized with the Yoast SEO plugin v27.3 - https:\/\/yoast.com\/product\/yoast-seo-wordpress\/ -->\n<title>De strijd tegen obesitas bij kinderen wordt opgevoerd in Belgi\u00eb<\/title>\n<meta name=\"description\" content=\"Op 4 maart is het Wereld Obesitas Dag: de perfecte gelegenheid om het te hebben over die pathologie die steeds meer kinderen treft.\" \/>\n<meta name=\"robots\" content=\"index, follow, max-snippet:-1, max-image-preview:large, max-video-preview:-1\" \/>\n<link rel=\"canonical\" href=\"https:\/\/www.hospichild.be\/nl\/de-strijd-tegen-obesitas-bij-kinderen-wordt-opgevoerd-in-belgie\/\" \/>\n<meta property=\"og:locale\" content=\"nl_NL\" \/>\n<meta property=\"og:type\" content=\"article\" \/>\n<meta property=\"og:title\" content=\"De strijd tegen obesitas bij kinderen wordt opgevoerd in Belgi\u00eb\" \/>\n<meta property=\"og:description\" content=\"Op 4 maart is het Wereld Obesitas Dag: de perfecte gelegenheid om het te hebben over die pathologie die steeds meer kinderen treft.\" \/>\n<meta property=\"og:url\" content=\"https:\/\/www.hospichild.be\/nl\/de-strijd-tegen-obesitas-bij-kinderen-wordt-opgevoerd-in-belgie\/\" \/>\n<meta property=\"og:site_name\" content=\"Hospichild\" \/>\n<meta property=\"article:publisher\" content=\"https:\/\/www.facebook.com\/Hospichild\" \/>\n<meta property=\"article:published_time\" content=\"2024-03-04T10:37:59+00:00\" \/>\n<meta property=\"article:modified_time\" content=\"2024-03-07T10:55:25+00:00\" \/>\n<meta property=\"og:image\" content=\"https:\/\/www.hospichild.be\/wp-content\/uploads\/2024\/03\/kelly-sikkema-PMxoh8zJNb0-unsplash.jpg\" \/>\n<meta name=\"author\" content=\"Sofia Dou\u00efeb\" \/>\n<meta name=\"twitter:card\" content=\"summary_large_image\" \/>\n<meta name=\"twitter:creator\" content=\"@hospichild\" \/>\n<meta name=\"twitter:site\" content=\"@hospichild\" \/>\n<meta name=\"twitter:label1\" content=\"Geschreven door\" \/>\n\t<meta name=\"twitter:data1\" content=\"Sofia Dou\u00efeb\" \/>\n\t<meta name=\"twitter:label2\" content=\"Geschatte leestijd\" \/>\n\t<meta name=\"twitter:data2\" content=\"3 minuten\" \/>\n<script type=\"application\/ld+json\" class=\"yoast-schema-graph\">{\"@context\":\"https:\\\/\\\/schema.org\",\"@graph\":[{\"@type\":\"Article\",\"@id\":\"https:\\\/\\\/www.hospichild.be\\\/nl\\\/de-strijd-tegen-obesitas-bij-kinderen-wordt-opgevoerd-in-belgie\\\/#article\",\"isPartOf\":{\"@id\":\"https:\\\/\\\/www.hospichild.be\\\/nl\\\/de-strijd-tegen-obesitas-bij-kinderen-wordt-opgevoerd-in-belgie\\\/\"},\"author\":{\"name\":\"Sofia Dou\u00efeb\",\"@id\":\"https:\\\/\\\/www.hospichild.be\\\/#\\\/schema\\\/person\\\/83dbfb3ed66462725d089c00fe263539\"},\"headline\":\"De strijd tegen obesitas bij kinderen wordt opgevoerd in Belgi\u00eb\",\"datePublished\":\"2024-03-04T10:37:59+00:00\",\"dateModified\":\"2024-03-07T10:55:25+00:00\",\"mainEntityOfPage\":{\"@id\":\"https:\\\/\\\/www.hospichild.be\\\/nl\\\/de-strijd-tegen-obesitas-bij-kinderen-wordt-opgevoerd-in-belgie\\\/\"},\"wordCount\":521,\"publisher\":{\"@id\":\"https:\\\/\\\/www.hospichild.be\\\/#organization\"},\"image\":{\"@id\":\"https:\\\/\\\/www.hospichild.be\\\/nl\\\/de-strijd-tegen-obesitas-bij-kinderen-wordt-opgevoerd-in-belgie\\\/#primaryimage\"},\"thumbnailUrl\":\"https:\\\/\\\/www.hospichild.be\\\/wp-content\\\/uploads\\\/2024\\\/03\\\/kelly-sikkema-PMxoh8zJNb0-unsplash.jpg\",\"articleSection\":[\"Actualiteiten\",\"Nieuws\"],\"inLanguage\":\"nl-NL\"},{\"@type\":\"WebPage\",\"@id\":\"https:\\\/\\\/www.hospichild.be\\\/nl\\\/de-strijd-tegen-obesitas-bij-kinderen-wordt-opgevoerd-in-belgie\\\/\",\"url\":\"https:\\\/\\\/www.hospichild.be\\\/nl\\\/de-strijd-tegen-obesitas-bij-kinderen-wordt-opgevoerd-in-belgie\\\/\",\"name\":\"De strijd tegen obesitas bij kinderen wordt opgevoerd in Belgi\u00eb\",\"isPartOf\":{\"@id\":\"https:\\\/\\\/www.hospichild.be\\\/#website\"},\"primaryImageOfPage\":{\"@id\":\"https:\\\/\\\/www.hospichild.be\\\/nl\\\/de-strijd-tegen-obesitas-bij-kinderen-wordt-opgevoerd-in-belgie\\\/#primaryimage\"},\"image\":{\"@id\":\"https:\\\/\\\/www.hospichild.be\\\/nl\\\/de-strijd-tegen-obesitas-bij-kinderen-wordt-opgevoerd-in-belgie\\\/#primaryimage\"},\"thumbnailUrl\":\"https:\\\/\\\/www.hospichild.be\\\/wp-content\\\/uploads\\\/2024\\\/03\\\/kelly-sikkema-PMxoh8zJNb0-unsplash.jpg\",\"datePublished\":\"2024-03-04T10:37:59+00:00\",\"dateModified\":\"2024-03-07T10:55:25+00:00\",\"description\":\"Op 4 maart is het Wereld Obesitas Dag: de perfecte gelegenheid om het te hebben over die pathologie die steeds meer kinderen treft.\",\"breadcrumb\":{\"@id\":\"https:\\\/\\\/www.hospichild.be\\\/nl\\\/de-strijd-tegen-obesitas-bij-kinderen-wordt-opgevoerd-in-belgie\\\/#breadcrumb\"},\"inLanguage\":\"nl-NL\",\"potentialAction\":[{\"@type\":\"ReadAction\",\"target\":[\"https:\\\/\\\/www.hospichild.be\\\/nl\\\/de-strijd-tegen-obesitas-bij-kinderen-wordt-opgevoerd-in-belgie\\\/\"]}]},{\"@type\":\"ImageObject\",\"inLanguage\":\"nl-NL\",\"@id\":\"https:\\\/\\\/www.hospichild.be\\\/nl\\\/de-strijd-tegen-obesitas-bij-kinderen-wordt-opgevoerd-in-belgie\\\/#primaryimage\",\"url\":\"https:\\\/\\\/www.hospichild.be\\\/wp-content\\\/uploads\\\/2024\\\/03\\\/kelly-sikkema-PMxoh8zJNb0-unsplash.jpg\",\"contentUrl\":\"https:\\\/\\\/www.hospichild.be\\\/wp-content\\\/uploads\\\/2024\\\/03\\\/kelly-sikkema-PMxoh8zJNb0-unsplash.jpg\"},{\"@type\":\"BreadcrumbList\",\"@id\":\"https:\\\/\\\/www.hospichild.be\\\/nl\\\/de-strijd-tegen-obesitas-bij-kinderen-wordt-opgevoerd-in-belgie\\\/#breadcrumb\",\"itemListElement\":[{\"@type\":\"ListItem\",\"position\":1,\"name\":\"Accueil\",\"item\":\"https:\\\/\\\/www.hospichild.be\\\/nl\\\/\"},{\"@type\":\"ListItem\",\"position\":2,\"name\":\"Actualiteiten\",\"item\":\"https:\\\/\\\/www.hospichild.be\\\/nl\\\/category\\\/actualiteiten\\\/\"},{\"@type\":\"ListItem\",\"position\":3,\"name\":\"Nieuws\",\"item\":\"https:\\\/\\\/www.hospichild.be\\\/nl\\\/category\\\/actualiteiten\\\/nieuws\\\/\"},{\"@type\":\"ListItem\",\"position\":4,\"name\":\"De strijd tegen obesitas bij kinderen wordt opgevoerd in Belgi\u00eb\"}]},{\"@type\":\"WebSite\",\"@id\":\"https:\\\/\\\/www.hospichild.be\\\/#website\",\"url\":\"https:\\\/\\\/www.hospichild.be\\\/\",\"name\":\"Hospichild\",\"description\":\"Toute l&#039;information sur l&#039;hospitalisation d&#039;un enfant de moins de 16 ans \u00e0 Bruxelles\",\"publisher\":{\"@id\":\"https:\\\/\\\/www.hospichild.be\\\/#organization\"},\"potentialAction\":[{\"@type\":\"SearchAction\",\"target\":{\"@type\":\"EntryPoint\",\"urlTemplate\":\"https:\\\/\\\/www.hospichild.be\\\/?s={search_term_string}\"},\"query-input\":{\"@type\":\"PropertyValueSpecification\",\"valueRequired\":true,\"valueName\":\"search_term_string\"}}],\"inLanguage\":\"nl-NL\"},{\"@type\":\"Organization\",\"@id\":\"https:\\\/\\\/www.hospichild.be\\\/#organization\",\"name\":\"Hospichild\",\"url\":\"https:\\\/\\\/www.hospichild.be\\\/\",\"logo\":{\"@type\":\"ImageObject\",\"inLanguage\":\"nl-NL\",\"@id\":\"https:\\\/\\\/www.hospichild.be\\\/#\\\/schema\\\/logo\\\/image\\\/\",\"url\":\"https:\\\/\\\/www.hospichild.be\\\/wp-content\\\/uploads\\\/2018\\\/12\\\/logo_simple.png\",\"contentUrl\":\"https:\\\/\\\/www.hospichild.be\\\/wp-content\\\/uploads\\\/2018\\\/12\\\/logo_simple.png\",\"width\":570,\"height\":114,\"caption\":\"Hospichild\"},\"image\":{\"@id\":\"https:\\\/\\\/www.hospichild.be\\\/#\\\/schema\\\/logo\\\/image\\\/\"},\"sameAs\":[\"https:\\\/\\\/www.facebook.com\\\/Hospichild\",\"https:\\\/\\\/x.com\\\/hospichild\"]},{\"@type\":\"Person\",\"@id\":\"https:\\\/\\\/www.hospichild.be\\\/#\\\/schema\\\/person\\\/83dbfb3ed66462725d089c00fe263539\",\"name\":\"Sofia Dou\u00efeb\",\"image\":{\"@type\":\"ImageObject\",\"inLanguage\":\"nl-NL\",\"@id\":\"https:\\\/\\\/secure.gravatar.com\\\/avatar\\\/cdb8495678698d3b0253ed12a68d806cbe6796188b6b6cda538c9e7c44fa9b36?s=96&d=mm&r=g\",\"url\":\"https:\\\/\\\/secure.gravatar.com\\\/avatar\\\/cdb8495678698d3b0253ed12a68d806cbe6796188b6b6cda538c9e7c44fa9b36?s=96&d=mm&r=g\",\"contentUrl\":\"https:\\\/\\\/secure.gravatar.com\\\/avatar\\\/cdb8495678698d3b0253ed12a68d806cbe6796188b6b6cda538c9e7c44fa9b36?s=96&d=mm&r=g\",\"caption\":\"Sofia Dou\u00efeb\"}}]}<\/script>\n<!-- \/ Yoast SEO plugin. -->","yoast_head_json":{"title":"De strijd tegen obesitas bij kinderen wordt opgevoerd in Belgi\u00eb","description":"Op 4 maart is het Wereld Obesitas Dag: de perfecte gelegenheid om het te hebben over die pathologie die steeds meer kinderen treft.","robots":{"index":"index","follow":"follow","max-snippet":"max-snippet:-1","max-image-preview":"max-image-preview:large","max-video-preview":"max-video-preview:-1"},"canonical":"https:\/\/www.hospichild.be\/nl\/de-strijd-tegen-obesitas-bij-kinderen-wordt-opgevoerd-in-belgie\/","og_locale":"nl_NL","og_type":"article","og_title":"De strijd tegen obesitas bij kinderen wordt opgevoerd in Belgi\u00eb","og_description":"Op 4 maart is het Wereld Obesitas Dag: de perfecte gelegenheid om het te hebben over die pathologie die steeds meer kinderen treft.","og_url":"https:\/\/www.hospichild.be\/nl\/de-strijd-tegen-obesitas-bij-kinderen-wordt-opgevoerd-in-belgie\/","og_site_name":"Hospichild","article_publisher":"https:\/\/www.facebook.com\/Hospichild","article_published_time":"2024-03-04T10:37:59+00:00","article_modified_time":"2024-03-07T10:55:25+00:00","og_image":[{"url":"https:\/\/www.hospichild.be\/wp-content\/uploads\/2024\/03\/kelly-sikkema-PMxoh8zJNb0-unsplash.jpg","type":"","width":"","height":""}],"author":"Sofia Dou\u00efeb","twitter_card":"summary_large_image","twitter_creator":"@hospichild","twitter_site":"@hospichild","twitter_misc":{"Geschreven door":"Sofia Dou\u00efeb","Geschatte leestijd":"3 minuten"},"schema":{"@context":"https:\/\/schema.org","@graph":[{"@type":"Article","@id":"https:\/\/www.hospichild.be\/nl\/de-strijd-tegen-obesitas-bij-kinderen-wordt-opgevoerd-in-belgie\/#article","isPartOf":{"@id":"https:\/\/www.hospichild.be\/nl\/de-strijd-tegen-obesitas-bij-kinderen-wordt-opgevoerd-in-belgie\/"},"author":{"name":"Sofia Dou\u00efeb","@id":"https:\/\/www.hospichild.be\/#\/schema\/person\/83dbfb3ed66462725d089c00fe263539"},"headline":"De strijd tegen obesitas bij kinderen wordt opgevoerd in Belgi\u00eb","datePublished":"2024-03-04T10:37:59+00:00","dateModified":"2024-03-07T10:55:25+00:00","mainEntityOfPage":{"@id":"https:\/\/www.hospichild.be\/nl\/de-strijd-tegen-obesitas-bij-kinderen-wordt-opgevoerd-in-belgie\/"},"wordCount":521,"publisher":{"@id":"https:\/\/www.hospichild.be\/#organization"},"image":{"@id":"https:\/\/www.hospichild.be\/nl\/de-strijd-tegen-obesitas-bij-kinderen-wordt-opgevoerd-in-belgie\/#primaryimage"},"thumbnailUrl":"https:\/\/www.hospichild.be\/wp-content\/uploads\/2024\/03\/kelly-sikkema-PMxoh8zJNb0-unsplash.jpg","articleSection":["Actualiteiten","Nieuws"],"inLanguage":"nl-NL"},{"@type":"WebPage","@id":"https:\/\/www.hospichild.be\/nl\/de-strijd-tegen-obesitas-bij-kinderen-wordt-opgevoerd-in-belgie\/","url":"https:\/\/www.hospichild.be\/nl\/de-strijd-tegen-obesitas-bij-kinderen-wordt-opgevoerd-in-belgie\/","name":"De strijd tegen obesitas bij kinderen wordt opgevoerd in Belgi\u00eb","isPartOf":{"@id":"https:\/\/www.hospichild.be\/#website"},"primaryImageOfPage":{"@id":"https:\/\/www.hospichild.be\/nl\/de-strijd-tegen-obesitas-bij-kinderen-wordt-opgevoerd-in-belgie\/#primaryimage"},"image":{"@id":"https:\/\/www.hospichild.be\/nl\/de-strijd-tegen-obesitas-bij-kinderen-wordt-opgevoerd-in-belgie\/#primaryimage"},"thumbnailUrl":"https:\/\/www.hospichild.be\/wp-content\/uploads\/2024\/03\/kelly-sikkema-PMxoh8zJNb0-unsplash.jpg","datePublished":"2024-03-04T10:37:59+00:00","dateModified":"2024-03-07T10:55:25+00:00","description":"Op 4 maart is het Wereld Obesitas Dag: de perfecte gelegenheid om het te hebben over die pathologie die steeds meer kinderen treft.","breadcrumb":{"@id":"https:\/\/www.hospichild.be\/nl\/de-strijd-tegen-obesitas-bij-kinderen-wordt-opgevoerd-in-belgie\/#breadcrumb"},"inLanguage":"nl-NL","potentialAction":[{"@type":"ReadAction","target":["https:\/\/www.hospichild.be\/nl\/de-strijd-tegen-obesitas-bij-kinderen-wordt-opgevoerd-in-belgie\/"]}]},{"@type":"ImageObject","inLanguage":"nl-NL","@id":"https:\/\/www.hospichild.be\/nl\/de-strijd-tegen-obesitas-bij-kinderen-wordt-opgevoerd-in-belgie\/#primaryimage","url":"https:\/\/www.hospichild.be\/wp-content\/uploads\/2024\/03\/kelly-sikkema-PMxoh8zJNb0-unsplash.jpg","contentUrl":"https:\/\/www.hospichild.be\/wp-content\/uploads\/2024\/03\/kelly-sikkema-PMxoh8zJNb0-unsplash.jpg"},{"@type":"BreadcrumbList","@id":"https:\/\/www.hospichild.be\/nl\/de-strijd-tegen-obesitas-bij-kinderen-wordt-opgevoerd-in-belgie\/#breadcrumb","itemListElement":[{"@type":"ListItem","position":1,"name":"Accueil","item":"https:\/\/www.hospichild.be\/nl\/"},{"@type":"ListItem","position":2,"name":"Actualiteiten","item":"https:\/\/www.hospichild.be\/nl\/category\/actualiteiten\/"},{"@type":"ListItem","position":3,"name":"Nieuws","item":"https:\/\/www.hospichild.be\/nl\/category\/actualiteiten\/nieuws\/"},{"@type":"ListItem","position":4,"name":"De strijd tegen obesitas bij kinderen wordt opgevoerd in Belgi\u00eb"}]},{"@type":"WebSite","@id":"https:\/\/www.hospichild.be\/#website","url":"https:\/\/www.hospichild.be\/","name":"Hospichild","description":"Toute l&#039;information sur l&#039;hospitalisation d&#039;un enfant de moins de 16 ans \u00e0 Bruxelles","publisher":{"@id":"https:\/\/www.hospichild.be\/#organization"},"potentialAction":[{"@type":"SearchAction","target":{"@type":"EntryPoint","urlTemplate":"https:\/\/www.hospichild.be\/?s={search_term_string}"},"query-input":{"@type":"PropertyValueSpecification","valueRequired":true,"valueName":"search_term_string"}}],"inLanguage":"nl-NL"},{"@type":"Organization","@id":"https:\/\/www.hospichild.be\/#organization","name":"Hospichild","url":"https:\/\/www.hospichild.be\/","logo":{"@type":"ImageObject","inLanguage":"nl-NL","@id":"https:\/\/www.hospichild.be\/#\/schema\/logo\/image\/","url":"https:\/\/www.hospichild.be\/wp-content\/uploads\/2018\/12\/logo_simple.png","contentUrl":"https:\/\/www.hospichild.be\/wp-content\/uploads\/2018\/12\/logo_simple.png","width":570,"height":114,"caption":"Hospichild"},"image":{"@id":"https:\/\/www.hospichild.be\/#\/schema\/logo\/image\/"},"sameAs":["https:\/\/www.facebook.com\/Hospichild","https:\/\/x.com\/hospichild"]},{"@type":"Person","@id":"https:\/\/www.hospichild.be\/#\/schema\/person\/83dbfb3ed66462725d089c00fe263539","name":"Sofia Dou\u00efeb","image":{"@type":"ImageObject","inLanguage":"nl-NL","@id":"https:\/\/secure.gravatar.com\/avatar\/cdb8495678698d3b0253ed12a68d806cbe6796188b6b6cda538c9e7c44fa9b36?s=96&d=mm&r=g","url":"https:\/\/secure.gravatar.com\/avatar\/cdb8495678698d3b0253ed12a68d806cbe6796188b6b6cda538c9e7c44fa9b36?s=96&d=mm&r=g","contentUrl":"https:\/\/secure.gravatar.com\/avatar\/cdb8495678698d3b0253ed12a68d806cbe6796188b6b6cda538c9e7c44fa9b36?s=96&d=mm&r=g","caption":"Sofia Dou\u00efeb"}}]}},"views":41,"publishpress_future_action":{"enabled":false,"date":"2026-05-07 23:39:44","action":"change-status","newStatus":"draft","terms":[],"taxonomy":"category","extraData":[]},"publishpress_future_workflow_manual_trigger":{"enabledWorkflows":[]},"_links":{"self":[{"href":"https:\/\/www.hospichild.be\/nl\/wp-json\/wp\/v2\/posts\/14787","targetHints":{"allow":["GET"]}}],"collection":[{"href":"https:\/\/www.hospichild.be\/nl\/wp-json\/wp\/v2\/posts"}],"about":[{"href":"https:\/\/www.hospichild.be\/nl\/wp-json\/wp\/v2\/types\/post"}],"author":[{"embeddable":true,"href":"https:\/\/www.hospichild.be\/nl\/wp-json\/wp\/v2\/users\/5"}],"replies":[{"embeddable":true,"href":"https:\/\/www.hospichild.be\/nl\/wp-json\/wp\/v2\/comments?post=14787"}],"version-history":[{"count":2,"href":"https:\/\/www.hospichild.be\/nl\/wp-json\/wp\/v2\/posts\/14787\/revisions"}],"predecessor-version":[{"id":14790,"href":"https:\/\/www.hospichild.be\/nl\/wp-json\/wp\/v2\/posts\/14787\/revisions\/14790"}],"wp:attachment":[{"href":"https:\/\/www.hospichild.be\/nl\/wp-json\/wp\/v2\/media?parent=14787"}],"wp:term":[{"taxonomy":"category","embeddable":true,"href":"https:\/\/www.hospichild.be\/nl\/wp-json\/wp\/v2\/categories?post=14787"},{"taxonomy":"post_tag","embeddable":true,"href":"https:\/\/www.hospichild.be\/nl\/wp-json\/wp\/v2\/tags?post=14787"}],"curies":[{"name":"wp","href":"https:\/\/api.w.org\/{rel}","templated":true}]}}