{"id":21975,"date":"2025-12-12T09:00:09","date_gmt":"2025-12-12T08:00:09","guid":{"rendered":"https:\/\/www.hospichild.be\/?p=21975"},"modified":"2025-12-16T16:27:27","modified_gmt":"2025-12-16T15:27:27","slug":"21813","status":"publish","type":"post","link":"https:\/\/www.hospichild.be\/nl\/21813\/","title":{"rendered":"Al 25 jaar lang intensieve zorg voor kinderen in het ziekenhuis van La Louvi\u00e8re"},"content":{"rendered":"<p><strong>Om 2025 mooi af te sluiten zet Hospichild de afdeling intensieve zorg voor kinderen van de CHU Helora in La Louvi\u00e8re in de bloemetjes. Of het nu gaat om complexe en zware operaties of levensbedreigende medische situaties, het multidisciplinaire team van de afdeling gebruikt de nieuwste technologie om zijn jonge pati\u00ebnten persoonlijke en gespecialiseerde zorg te bieden. Bovendien werkt de afdeling nauw samen met andere Brusselse ziekenhuizen, zoals het <\/strong><a href=\"https:\/\/www.huderf.be\/nl\" target=\"_blank\" rel=\"noopener\"><strong>UKZKF<\/strong><\/a><strong> of de <\/strong><a href=\"https:\/\/www.saintluc.be\/nl\" target=\"_blank\" rel=\"noopener\"><strong>Cliniques universitaires Saint-Luc<\/strong><\/a><strong>.<\/strong><\/p>\n<p><img loading=\"lazy\" decoding=\"async\" class=\"alignnone wp-image-21977\" src=\"https:\/\/www.hospichild.be\/wp-content\/uploads\/2025\/12\/pexels-raul-infante-gaete-2660047-8853189.jpg\" alt=\"\" width=\"573\" height=\"382\" srcset=\"https:\/\/www.hospichild.be\/wp-content\/uploads\/2025\/12\/pexels-raul-infante-gaete-2660047-8853189.jpg 1920w, https:\/\/www.hospichild.be\/wp-content\/uploads\/2025\/12\/pexels-raul-infante-gaete-2660047-8853189-300x200.jpg 300w, https:\/\/www.hospichild.be\/wp-content\/uploads\/2025\/12\/pexels-raul-infante-gaete-2660047-8853189-1024x683.jpg 1024w, https:\/\/www.hospichild.be\/wp-content\/uploads\/2025\/12\/pexels-raul-infante-gaete-2660047-8853189-768x512.jpg 768w, https:\/\/www.hospichild.be\/wp-content\/uploads\/2025\/12\/pexels-raul-infante-gaete-2660047-8853189-1536x1024.jpg 1536w\" sizes=\"auto, (max-width: 573px) 100vw, 573px\" \/><\/p>\n<blockquote><p>Al 25 jaar lang staat het team van de afdeling intensieve zorg voor kinderen klaar voor de kinderen en hun ouders. Om die mijlpaal te vieren, werd een wetenschappelijke studiedag georganiseerd aan de Universiteit van Bergen, in samenwerking met de Belgian Pediatric Intensive Care Society. &#8220;Onze uitwisselingen hebben ons geholpen om de behandeling van kinderen op intensieve zorg verder te verbeteren&#8221;, <strong>Dr. Jean Papadopoulos, diensthoofd van de afdeling intensieve zorg voor kinderen van het ziekenhuis van de CHU Helora op de Jolimont-site in La Louvi\u00e8re.<\/strong><\/p><\/blockquote>\n<h3><strong>Voor wie?<\/strong><\/h3>\n<p>De afdeling behandelt alle kinderen en jongeren met een ernstige gezondheidstoestand. De meeste pati\u00ebnten worden overgebracht vanuit andere ziekenhuizen in de regio, vaak met een speciaal uitgeruste ambulance. Dr. Jean Papadopoulos licht toe: <em>&#8220;Dit gebeurt op verzoek van een kinderarts of andere arts die van mening is dat de toestand van het kind een behandeling op onze afdeling rechtvaardigt&#8221;. Het gaat om jonge pati\u00ebnten met de volgende situaties:<\/em><\/p>\n<ul>\n<li>ademhalingsproblemen;<\/li>\n<li>ernstige infecties zoals een longontsteking met complicaties, septische shock of meningitis;<\/li>\n<li>ernstige traumatische letsels;<\/li>\n<li>neurochirurgische aspecten;<\/li>\n<li>postoperatieve zorg (KNO, borst, spijsvertering, enz.).<\/li>\n<\/ul>\n<h3><strong>Een team met de nieuwste technologie\u00ebn<\/strong><\/h3>\n<blockquote><p>&#8220;We behandelen zowel baby&#8217;s van drie maanden als tieners van 15 jaar. Ons team is speciaal opgeleid om kinderen te monitoren en te verzorgen na een ziekte, ongeval of operatie, in een afdeling die uitgerust is met de nieuwste technologie&#8221;, <strong>aldus Dr. Jean Papadopoulos, diensthoofd van de afdeling intensieve zorg voor kinderen van het ziekenhuis van de CHU Helora op de Jolimont-site in La Louvi\u00e8re.<\/strong><\/p><\/blockquote>\n<p>Met gemiddeld 400 pati\u00ebnten per jaar draait de dienst 7 dagen op 7 dankzij een multidisciplinair team van 6 artsen. Het kind staat natuurlijk centraal in die zorg, maar er wordt in het bijzonder rekening gehouden met de specifieke behoeften van deze doelgroep die aangepaste zorg vereist, of in de woorden van Dr. Jean Papadopoulos: &#8220;Kinderen zijn geen mini-volwassenen; ze vereisen hun eigen specifieke zorg, zowel op het vlak van geneesmiddelen als pijnbestrijding&#8221;. Daarnaast beschikt de afdeling over onder andere de volgende uitrusting: niet-invasieve\/invasieve beademing, beademing met stikstofmonoxide, hoogfrequente beademing, hemodialyse en meting van het hartdebiet met PiCCO-technologie.<\/p>\n<p><a href=\"https:\/\/www.helora.be\/hopitaux\/services-medicaux\/soins-intensifs-pediatriques\" target=\"_blank\" rel=\"noopener\"><strong>\u2192 Meer informatie over de afdeling intensieve zorg voor kinderen van het ziekenhuis in La Louvi\u00e8re<\/strong><\/a><\/p>\n<blockquote><p>De afdeling heeft ook de behandeling ontwikkeld voor pati\u00ebnten die hemodiafiltratie nodig hebben voor acuut nierfalen of metabole decompensatie, evenals bronchoscopische en ultrasone technieken aan het bed om snelle therapeutische besluitvorming te bevorderen. <strong>Vertaald fragment van de website van het ziekenhuis op de Jolimont-site in La Louvi\u00e8re.<\/strong><\/p><\/blockquote>\n<p>\u2193Bekijk de kennismakingsvideo van de afdeling van de CHU HELORA in La Louvi\u00e8re.\u2193<\/p>\n<p><iframe loading=\"lazy\" title=\"La r\u00e9animation p\u00e9diatrique\" width=\"790\" height=\"444\" src=\"https:\/\/www.youtube.com\/embed\/6G4wuSes-kc?feature=oembed\" frameborder=\"0\" allow=\"accelerometer; autoplay; clipboard-write; encrypted-media; gyroscope; picture-in-picture; web-share\" referrerpolicy=\"strict-origin-when-cross-origin\" allowfullscreen><\/iframe><\/p>\n<p><span style=\"color: #339966;\"><strong>LEES OOK:\u00a0<\/strong><\/span><\/p>\n<ul>\n<li><a href=\"https:\/\/www.hospichild.be\/nl\/nouveaute-a-lhopital-des-enfants-huderf-lunite-nourrisson\/\" target=\"_blank\" rel=\"noopener\"><strong>Nieuw in het Universitair Kinderziekenhuis Koningin Fabiola (UKZKF): de baby-eenheid<\/strong><\/a><\/li>\n<li><a href=\"https:\/\/www.hospichild.be\/nl\/hoe-is-het-om-als-verpleegkundige-in-het-kinderziekenhuis-te-werken\/\" target=\"_blank\" rel=\"noopener\"><strong>Hoe is het om als verpleegkundige in het kinderziekenhuis te werken?<\/strong><\/a><\/li>\n<li><a href=\"https:\/\/www.hospichild.be\/troubles-alimentaires-un-centre-de-reference-a-lhopital-des-enfants-pour-aider-les-familles\/\" target=\"_blank\" rel=\"noopener\"><strong>Troubles alimentaires : un centre de r\u00e9f\u00e9rence \u00e0 l&#8217;H\u00f4pital des Enfants pour aider les plus jeunes<\/strong><\/a> (artikel in het Frans)<\/li>\n<li><a href=\"https:\/\/www.hospichild.be\/nl\/le-snoezelen-pour-ameliorer-le-bien-etre-des-petits-patients-a-lhuderf\/\" target=\"_blank\" rel=\"noopener\"><strong>Snoezelen maakt bloed afnemen in het kinderziekenhuis makkelijker<\/strong><\/a><\/li>\n<li><a href=\"https:\/\/www.hospichild.be\/nl\/kinderpsychiatrie-het-kinderziekenhuis-wil-screening-en-vroegtijdige-behandeling-versterken\/\" target=\"_blank\" rel=\"noopener\"><strong>Kinderpsychiatrie: het kinderziekenhuis wil screening en vroegtijdige behandeling versterken<\/strong><\/a><\/li>\n<li><a href=\"https:\/\/www.hospichild.be\/nl\/hopital-des-nounours-une-nouvelle-edition-pour-apprivoiser-le-monde-medical\/\" target=\"_blank\" rel=\"noopener\"><strong>Knuffelbeerziekenhuis: een nieuwe editie om kinderen kennis te laten maken met de medische wereld<\/strong><\/a><\/li>\n<\/ul>\n<p>&nbsp;<\/p>\n<p>&nbsp;<\/p>\n","protected":false},"excerpt":{"rendered":"<p>Om 2025 mooi af te sluiten zet Hospichild de afdeling intensieve zorg voor kinderen van de CHU Helora in La Louvi\u00e8re in de bloemetjes. Of het nu gaat om complexe en zware operaties of levensbedreigende medische situaties, het multidisciplinaire team van de afdeling gebruikt de nieuwste technologie om zijn jonge pati\u00ebnten persoonlijke en gespecialiseerde zorg&hellip;<\/p>\n<p><a class=\"more-link\" href=\"https:\/\/www.hospichild.be\/nl\/21813\/\" title=\"Continue reading &lsquo;Al 25 jaar lang intensieve zorg voor kinderen in het ziekenhuis van La Louvi\u00e8re&rsquo;\">Meer lezen over <span class=\"meta-nav\">\u2192<\/span><\/a><\/p>\n","protected":false},"author":11,"featured_media":0,"comment_status":"closed","ping_status":"closed","sticky":false,"template":"","format":"standard","meta":{"_acf_changed":false,"footnotes":""},"categories":[140,22],"tags":[],"class_list":["post-21975","post","type-post","status-publish","format-standard","hentry","category-actualiteiten","category-focus-actualiteiten"],"acf":[],"yoast_head":"<!-- This site is optimized with the Yoast SEO plugin v27.3 - https:\/\/yoast.com\/product\/yoast-seo-wordpress\/ -->\n<title>Focus Unit\u00e9 de r\u00e9animation p\u00e9diatrique \u00e0 l\u2019h\u00f4pital de La Louvi\u00e8re<\/title>\n<meta name=\"description\" content=\"Pr\u00e9sentation de l&#039;Unit\u00e9 de r\u00e9animation p\u00e9diatrique \u00e0 l\u2019h\u00f4pital de La Louvi\u00e8re qui f\u00eate cette ann\u00e9e ses 25 ans d&#039;existence.\" \/>\n<meta name=\"robots\" content=\"index, follow, max-snippet:-1, max-image-preview:large, max-video-preview:-1\" \/>\n<link rel=\"canonical\" href=\"https:\/\/www.hospichild.be\/nl\/21813\/\" \/>\n<meta property=\"og:locale\" content=\"nl_NL\" \/>\n<meta property=\"og:type\" content=\"article\" \/>\n<meta property=\"og:title\" content=\"Focus Unit\u00e9 de r\u00e9animation p\u00e9diatrique \u00e0 l\u2019h\u00f4pital de La Louvi\u00e8re\" \/>\n<meta property=\"og:description\" content=\"Pr\u00e9sentation de l&#039;Unit\u00e9 de r\u00e9animation p\u00e9diatrique \u00e0 l\u2019h\u00f4pital de La Louvi\u00e8re qui f\u00eate cette ann\u00e9e ses 25 ans d&#039;existence.\" \/>\n<meta property=\"og:url\" content=\"https:\/\/www.hospichild.be\/nl\/21813\/\" \/>\n<meta property=\"og:site_name\" content=\"Hospichild\" \/>\n<meta property=\"article:publisher\" content=\"https:\/\/www.facebook.com\/Hospichild\" \/>\n<meta property=\"article:published_time\" content=\"2025-12-12T08:00:09+00:00\" \/>\n<meta property=\"article:modified_time\" content=\"2025-12-16T15:27:27+00:00\" \/>\n<meta property=\"og:image\" content=\"https:\/\/www.hospichild.be\/wp-content\/uploads\/2025\/12\/pexels-raul-infante-gaete-2660047-8853189.jpg\" \/>\n\t<meta property=\"og:image:width\" content=\"1920\" \/>\n\t<meta property=\"og:image:height\" content=\"1280\" \/>\n\t<meta property=\"og:image:type\" content=\"image\/jpeg\" \/>\n<meta name=\"author\" content=\"lgnsamuel\" \/>\n<meta name=\"twitter:card\" content=\"summary_large_image\" \/>\n<meta name=\"twitter:creator\" content=\"@hospichild\" \/>\n<meta name=\"twitter:site\" content=\"@hospichild\" \/>\n<meta name=\"twitter:label1\" content=\"Geschreven door\" \/>\n\t<meta name=\"twitter:data1\" content=\"lgnsamuel\" \/>\n\t<meta name=\"twitter:label2\" content=\"Geschatte leestijd\" \/>\n\t<meta name=\"twitter:data2\" content=\"3 minuten\" \/>\n<script type=\"application\/ld+json\" class=\"yoast-schema-graph\">{\"@context\":\"https:\\\/\\\/schema.org\",\"@graph\":[{\"@type\":\"Article\",\"@id\":\"https:\\\/\\\/www.hospichild.be\\\/nl\\\/21813\\\/#article\",\"isPartOf\":{\"@id\":\"https:\\\/\\\/www.hospichild.be\\\/nl\\\/21813\\\/\"},\"author\":{\"name\":\"lgnsamuel\",\"@id\":\"https:\\\/\\\/www.hospichild.be\\\/#\\\/schema\\\/person\\\/650ca7a416ab2195862321c24fd5535a\"},\"headline\":\"Al 25 jaar lang intensieve zorg voor kinderen in het ziekenhuis van La Louvi\u00e8re\",\"datePublished\":\"2025-12-12T08:00:09+00:00\",\"dateModified\":\"2025-12-16T15:27:27+00:00\",\"mainEntityOfPage\":{\"@id\":\"https:\\\/\\\/www.hospichild.be\\\/nl\\\/21813\\\/\"},\"wordCount\":606,\"publisher\":{\"@id\":\"https:\\\/\\\/www.hospichild.be\\\/#organization\"},\"image\":{\"@id\":\"https:\\\/\\\/www.hospichild.be\\\/nl\\\/21813\\\/#primaryimage\"},\"thumbnailUrl\":\"https:\\\/\\\/www.hospichild.be\\\/wp-content\\\/uploads\\\/2025\\\/12\\\/pexels-raul-infante-gaete-2660047-8853189.jpg\",\"articleSection\":[\"Actualiteiten\",\"Focus\"],\"inLanguage\":\"nl-NL\"},{\"@type\":\"WebPage\",\"@id\":\"https:\\\/\\\/www.hospichild.be\\\/nl\\\/21813\\\/\",\"url\":\"https:\\\/\\\/www.hospichild.be\\\/nl\\\/21813\\\/\",\"name\":\"Focus Unit\u00e9 de r\u00e9animation p\u00e9diatrique \u00e0 l\u2019h\u00f4pital de La Louvi\u00e8re\",\"isPartOf\":{\"@id\":\"https:\\\/\\\/www.hospichild.be\\\/#website\"},\"primaryImageOfPage\":{\"@id\":\"https:\\\/\\\/www.hospichild.be\\\/nl\\\/21813\\\/#primaryimage\"},\"image\":{\"@id\":\"https:\\\/\\\/www.hospichild.be\\\/nl\\\/21813\\\/#primaryimage\"},\"thumbnailUrl\":\"https:\\\/\\\/www.hospichild.be\\\/wp-content\\\/uploads\\\/2025\\\/12\\\/pexels-raul-infante-gaete-2660047-8853189.jpg\",\"datePublished\":\"2025-12-12T08:00:09+00:00\",\"dateModified\":\"2025-12-16T15:27:27+00:00\",\"description\":\"Pr\u00e9sentation de l'Unit\u00e9 de r\u00e9animation p\u00e9diatrique \u00e0 l\u2019h\u00f4pital de La Louvi\u00e8re qui f\u00eate cette ann\u00e9e ses 25 ans d'existence.\",\"breadcrumb\":{\"@id\":\"https:\\\/\\\/www.hospichild.be\\\/nl\\\/21813\\\/#breadcrumb\"},\"inLanguage\":\"nl-NL\",\"potentialAction\":[{\"@type\":\"ReadAction\",\"target\":[\"https:\\\/\\\/www.hospichild.be\\\/nl\\\/21813\\\/\"]}]},{\"@type\":\"ImageObject\",\"inLanguage\":\"nl-NL\",\"@id\":\"https:\\\/\\\/www.hospichild.be\\\/nl\\\/21813\\\/#primaryimage\",\"url\":\"https:\\\/\\\/www.hospichild.be\\\/wp-content\\\/uploads\\\/2025\\\/12\\\/pexels-raul-infante-gaete-2660047-8853189.jpg\",\"contentUrl\":\"https:\\\/\\\/www.hospichild.be\\\/wp-content\\\/uploads\\\/2025\\\/12\\\/pexels-raul-infante-gaete-2660047-8853189.jpg\"},{\"@type\":\"BreadcrumbList\",\"@id\":\"https:\\\/\\\/www.hospichild.be\\\/nl\\\/21813\\\/#breadcrumb\",\"itemListElement\":[{\"@type\":\"ListItem\",\"position\":1,\"name\":\"Accueil\",\"item\":\"https:\\\/\\\/www.hospichild.be\\\/nl\\\/\"},{\"@type\":\"ListItem\",\"position\":2,\"name\":\"Actualiteiten\",\"item\":\"https:\\\/\\\/www.hospichild.be\\\/nl\\\/category\\\/actualiteiten\\\/\"},{\"@type\":\"ListItem\",\"position\":3,\"name\":\"Focus\",\"item\":\"https:\\\/\\\/www.hospichild.be\\\/nl\\\/category\\\/actualiteiten\\\/focus-actualiteiten\\\/\"},{\"@type\":\"ListItem\",\"position\":4,\"name\":\"Al 25 jaar lang intensieve zorg voor kinderen in het ziekenhuis van La Louvi\u00e8re\"}]},{\"@type\":\"WebSite\",\"@id\":\"https:\\\/\\\/www.hospichild.be\\\/#website\",\"url\":\"https:\\\/\\\/www.hospichild.be\\\/\",\"name\":\"Hospichild\",\"description\":\"Toute l&#039;information sur l&#039;hospitalisation d&#039;un enfant de moins de 16 ans \u00e0 Bruxelles\",\"publisher\":{\"@id\":\"https:\\\/\\\/www.hospichild.be\\\/#organization\"},\"potentialAction\":[{\"@type\":\"SearchAction\",\"target\":{\"@type\":\"EntryPoint\",\"urlTemplate\":\"https:\\\/\\\/www.hospichild.be\\\/?s={search_term_string}\"},\"query-input\":{\"@type\":\"PropertyValueSpecification\",\"valueRequired\":true,\"valueName\":\"search_term_string\"}}],\"inLanguage\":\"nl-NL\"},{\"@type\":\"Organization\",\"@id\":\"https:\\\/\\\/www.hospichild.be\\\/#organization\",\"name\":\"Hospichild\",\"url\":\"https:\\\/\\\/www.hospichild.be\\\/\",\"logo\":{\"@type\":\"ImageObject\",\"inLanguage\":\"nl-NL\",\"@id\":\"https:\\\/\\\/www.hospichild.be\\\/#\\\/schema\\\/logo\\\/image\\\/\",\"url\":\"https:\\\/\\\/www.hospichild.be\\\/wp-content\\\/uploads\\\/2018\\\/12\\\/logo_simple.png\",\"contentUrl\":\"https:\\\/\\\/www.hospichild.be\\\/wp-content\\\/uploads\\\/2018\\\/12\\\/logo_simple.png\",\"width\":570,\"height\":114,\"caption\":\"Hospichild\"},\"image\":{\"@id\":\"https:\\\/\\\/www.hospichild.be\\\/#\\\/schema\\\/logo\\\/image\\\/\"},\"sameAs\":[\"https:\\\/\\\/www.facebook.com\\\/Hospichild\",\"https:\\\/\\\/x.com\\\/hospichild\"]},{\"@type\":\"Person\",\"@id\":\"https:\\\/\\\/www.hospichild.be\\\/#\\\/schema\\\/person\\\/650ca7a416ab2195862321c24fd5535a\",\"name\":\"lgnsamuel\",\"image\":{\"@type\":\"ImageObject\",\"inLanguage\":\"nl-NL\",\"@id\":\"https:\\\/\\\/secure.gravatar.com\\\/avatar\\\/f1ecf593f678f15ed0060dd25ba5c6801c849753432e2f3b80921789c58f8874?s=96&d=mm&r=g\",\"url\":\"https:\\\/\\\/secure.gravatar.com\\\/avatar\\\/f1ecf593f678f15ed0060dd25ba5c6801c849753432e2f3b80921789c58f8874?s=96&d=mm&r=g\",\"contentUrl\":\"https:\\\/\\\/secure.gravatar.com\\\/avatar\\\/f1ecf593f678f15ed0060dd25ba5c6801c849753432e2f3b80921789c58f8874?s=96&d=mm&r=g\",\"caption\":\"lgnsamuel\"}}]}<\/script>\n<!-- \/ Yoast SEO plugin. -->","yoast_head_json":{"title":"Focus Unit\u00e9 de r\u00e9animation p\u00e9diatrique \u00e0 l\u2019h\u00f4pital de La Louvi\u00e8re","description":"Pr\u00e9sentation de l'Unit\u00e9 de r\u00e9animation p\u00e9diatrique \u00e0 l\u2019h\u00f4pital de La Louvi\u00e8re qui f\u00eate cette ann\u00e9e ses 25 ans d'existence.","robots":{"index":"index","follow":"follow","max-snippet":"max-snippet:-1","max-image-preview":"max-image-preview:large","max-video-preview":"max-video-preview:-1"},"canonical":"https:\/\/www.hospichild.be\/nl\/21813\/","og_locale":"nl_NL","og_type":"article","og_title":"Focus Unit\u00e9 de r\u00e9animation p\u00e9diatrique \u00e0 l\u2019h\u00f4pital de La Louvi\u00e8re","og_description":"Pr\u00e9sentation de l'Unit\u00e9 de r\u00e9animation p\u00e9diatrique \u00e0 l\u2019h\u00f4pital de La Louvi\u00e8re qui f\u00eate cette ann\u00e9e ses 25 ans d'existence.","og_url":"https:\/\/www.hospichild.be\/nl\/21813\/","og_site_name":"Hospichild","article_publisher":"https:\/\/www.facebook.com\/Hospichild","article_published_time":"2025-12-12T08:00:09+00:00","article_modified_time":"2025-12-16T15:27:27+00:00","og_image":[{"width":1920,"height":1280,"url":"https:\/\/www.hospichild.be\/wp-content\/uploads\/2025\/12\/pexels-raul-infante-gaete-2660047-8853189.jpg","type":"image\/jpeg"}],"author":"lgnsamuel","twitter_card":"summary_large_image","twitter_creator":"@hospichild","twitter_site":"@hospichild","twitter_misc":{"Geschreven door":"lgnsamuel","Geschatte leestijd":"3 minuten"},"schema":{"@context":"https:\/\/schema.org","@graph":[{"@type":"Article","@id":"https:\/\/www.hospichild.be\/nl\/21813\/#article","isPartOf":{"@id":"https:\/\/www.hospichild.be\/nl\/21813\/"},"author":{"name":"lgnsamuel","@id":"https:\/\/www.hospichild.be\/#\/schema\/person\/650ca7a416ab2195862321c24fd5535a"},"headline":"Al 25 jaar lang intensieve zorg voor kinderen in het ziekenhuis van La Louvi\u00e8re","datePublished":"2025-12-12T08:00:09+00:00","dateModified":"2025-12-16T15:27:27+00:00","mainEntityOfPage":{"@id":"https:\/\/www.hospichild.be\/nl\/21813\/"},"wordCount":606,"publisher":{"@id":"https:\/\/www.hospichild.be\/#organization"},"image":{"@id":"https:\/\/www.hospichild.be\/nl\/21813\/#primaryimage"},"thumbnailUrl":"https:\/\/www.hospichild.be\/wp-content\/uploads\/2025\/12\/pexels-raul-infante-gaete-2660047-8853189.jpg","articleSection":["Actualiteiten","Focus"],"inLanguage":"nl-NL"},{"@type":"WebPage","@id":"https:\/\/www.hospichild.be\/nl\/21813\/","url":"https:\/\/www.hospichild.be\/nl\/21813\/","name":"Focus Unit\u00e9 de r\u00e9animation p\u00e9diatrique \u00e0 l\u2019h\u00f4pital de La Louvi\u00e8re","isPartOf":{"@id":"https:\/\/www.hospichild.be\/#website"},"primaryImageOfPage":{"@id":"https:\/\/www.hospichild.be\/nl\/21813\/#primaryimage"},"image":{"@id":"https:\/\/www.hospichild.be\/nl\/21813\/#primaryimage"},"thumbnailUrl":"https:\/\/www.hospichild.be\/wp-content\/uploads\/2025\/12\/pexels-raul-infante-gaete-2660047-8853189.jpg","datePublished":"2025-12-12T08:00:09+00:00","dateModified":"2025-12-16T15:27:27+00:00","description":"Pr\u00e9sentation de l'Unit\u00e9 de r\u00e9animation p\u00e9diatrique \u00e0 l\u2019h\u00f4pital de La Louvi\u00e8re qui f\u00eate cette ann\u00e9e ses 25 ans d'existence.","breadcrumb":{"@id":"https:\/\/www.hospichild.be\/nl\/21813\/#breadcrumb"},"inLanguage":"nl-NL","potentialAction":[{"@type":"ReadAction","target":["https:\/\/www.hospichild.be\/nl\/21813\/"]}]},{"@type":"ImageObject","inLanguage":"nl-NL","@id":"https:\/\/www.hospichild.be\/nl\/21813\/#primaryimage","url":"https:\/\/www.hospichild.be\/wp-content\/uploads\/2025\/12\/pexels-raul-infante-gaete-2660047-8853189.jpg","contentUrl":"https:\/\/www.hospichild.be\/wp-content\/uploads\/2025\/12\/pexels-raul-infante-gaete-2660047-8853189.jpg"},{"@type":"BreadcrumbList","@id":"https:\/\/www.hospichild.be\/nl\/21813\/#breadcrumb","itemListElement":[{"@type":"ListItem","position":1,"name":"Accueil","item":"https:\/\/www.hospichild.be\/nl\/"},{"@type":"ListItem","position":2,"name":"Actualiteiten","item":"https:\/\/www.hospichild.be\/nl\/category\/actualiteiten\/"},{"@type":"ListItem","position":3,"name":"Focus","item":"https:\/\/www.hospichild.be\/nl\/category\/actualiteiten\/focus-actualiteiten\/"},{"@type":"ListItem","position":4,"name":"Al 25 jaar lang intensieve zorg voor kinderen in het ziekenhuis van La Louvi\u00e8re"}]},{"@type":"WebSite","@id":"https:\/\/www.hospichild.be\/#website","url":"https:\/\/www.hospichild.be\/","name":"Hospichild","description":"Toute l&#039;information sur l&#039;hospitalisation d&#039;un enfant de moins de 16 ans \u00e0 Bruxelles","publisher":{"@id":"https:\/\/www.hospichild.be\/#organization"},"potentialAction":[{"@type":"SearchAction","target":{"@type":"EntryPoint","urlTemplate":"https:\/\/www.hospichild.be\/?s={search_term_string}"},"query-input":{"@type":"PropertyValueSpecification","valueRequired":true,"valueName":"search_term_string"}}],"inLanguage":"nl-NL"},{"@type":"Organization","@id":"https:\/\/www.hospichild.be\/#organization","name":"Hospichild","url":"https:\/\/www.hospichild.be\/","logo":{"@type":"ImageObject","inLanguage":"nl-NL","@id":"https:\/\/www.hospichild.be\/#\/schema\/logo\/image\/","url":"https:\/\/www.hospichild.be\/wp-content\/uploads\/2018\/12\/logo_simple.png","contentUrl":"https:\/\/www.hospichild.be\/wp-content\/uploads\/2018\/12\/logo_simple.png","width":570,"height":114,"caption":"Hospichild"},"image":{"@id":"https:\/\/www.hospichild.be\/#\/schema\/logo\/image\/"},"sameAs":["https:\/\/www.facebook.com\/Hospichild","https:\/\/x.com\/hospichild"]},{"@type":"Person","@id":"https:\/\/www.hospichild.be\/#\/schema\/person\/650ca7a416ab2195862321c24fd5535a","name":"lgnsamuel","image":{"@type":"ImageObject","inLanguage":"nl-NL","@id":"https:\/\/secure.gravatar.com\/avatar\/f1ecf593f678f15ed0060dd25ba5c6801c849753432e2f3b80921789c58f8874?s=96&d=mm&r=g","url":"https:\/\/secure.gravatar.com\/avatar\/f1ecf593f678f15ed0060dd25ba5c6801c849753432e2f3b80921789c58f8874?s=96&d=mm&r=g","contentUrl":"https:\/\/secure.gravatar.com\/avatar\/f1ecf593f678f15ed0060dd25ba5c6801c849753432e2f3b80921789c58f8874?s=96&d=mm&r=g","caption":"lgnsamuel"}}]}},"views":8,"publishpress_future_action":{"enabled":false,"date":"2026-05-05 02:16:09","action":"change-status","newStatus":"draft","terms":[],"taxonomy":"category","extraData":[]},"publishpress_future_workflow_manual_trigger":{"enabledWorkflows":[]},"_links":{"self":[{"href":"https:\/\/www.hospichild.be\/nl\/wp-json\/wp\/v2\/posts\/21975","targetHints":{"allow":["GET"]}}],"collection":[{"href":"https:\/\/www.hospichild.be\/nl\/wp-json\/wp\/v2\/posts"}],"about":[{"href":"https:\/\/www.hospichild.be\/nl\/wp-json\/wp\/v2\/types\/post"}],"author":[{"embeddable":true,"href":"https:\/\/www.hospichild.be\/nl\/wp-json\/wp\/v2\/users\/11"}],"replies":[{"embeddable":true,"href":"https:\/\/www.hospichild.be\/nl\/wp-json\/wp\/v2\/comments?post=21975"}],"version-history":[{"count":3,"href":"https:\/\/www.hospichild.be\/nl\/wp-json\/wp\/v2\/posts\/21975\/revisions"}],"predecessor-version":[{"id":21980,"href":"https:\/\/www.hospichild.be\/nl\/wp-json\/wp\/v2\/posts\/21975\/revisions\/21980"}],"wp:attachment":[{"href":"https:\/\/www.hospichild.be\/nl\/wp-json\/wp\/v2\/media?parent=21975"}],"wp:term":[{"taxonomy":"category","embeddable":true,"href":"https:\/\/www.hospichild.be\/nl\/wp-json\/wp\/v2\/categories?post=21975"},{"taxonomy":"post_tag","embeddable":true,"href":"https:\/\/www.hospichild.be\/nl\/wp-json\/wp\/v2\/tags?post=21975"}],"curies":[{"name":"wp","href":"https:\/\/api.w.org\/{rel}","templated":true}]}}