{"id":23184,"date":"2026-04-24T18:00:40","date_gmt":"2026-04-24T16:00:40","guid":{"rendered":"https:\/\/www.hospichild.be\/?p=23184"},"modified":"2026-04-24T18:03:30","modified_gmt":"2026-04-24T16:03:30","slug":"journee-mondiale-de-lutte-contre-les-meningites","status":"publish","type":"post","link":"https:\/\/www.hospichild.be\/nl\/journee-mondiale-de-lutte-contre-les-meningites\/","title":{"rendered":"Wereldmeningitisdag: gevallen gemeld in het VK"},"content":{"rendered":"<p><strong>Talrijke gevallen van meningitis zijn recent gemeld onder tieners in het graafschap Kent in het Verenigd Koninkrijk. Die ziekte wordt veroorzaakt door de meningokokkenbacterie van groep B en treft vooral zuigelingen en jonge kinderen. Er werden snel maatregelen genomen: antibiotica werden toegediend aan de getroffenen, zieken en hun nauwe contacten, en er werd een vaccinatieprogramma opgestart. <\/strong><\/p>\n<p><strong>Die waarschuwing en Wereldmeningitisdag herinneren ons eraan dat we onze inspanningen dringend moeten voortzetten om de brede bevolking bewust te maken en preventie te bevorderen, vooral voor gezinnen, om dat soort situaties door die nog steeds gevaarlijke ziekte te voorkomen.\u00a0<\/strong><\/p>\n<p><img loading=\"lazy\" decoding=\"async\" class=\"alignnone wp-image-23187\" src=\"https:\/\/www.hospichild.be\/wp-content\/uploads\/2026\/04\/pexels-gustavo-fring-3985170.jpg\" alt=\"\" width=\"626\" height=\"417\" srcset=\"https:\/\/www.hospichild.be\/wp-content\/uploads\/2026\/04\/pexels-gustavo-fring-3985170.jpg 1920w, https:\/\/www.hospichild.be\/wp-content\/uploads\/2026\/04\/pexels-gustavo-fring-3985170-300x200.jpg 300w, https:\/\/www.hospichild.be\/wp-content\/uploads\/2026\/04\/pexels-gustavo-fring-3985170-1024x683.jpg 1024w, https:\/\/www.hospichild.be\/wp-content\/uploads\/2026\/04\/pexels-gustavo-fring-3985170-768x512.jpg 768w, https:\/\/www.hospichild.be\/wp-content\/uploads\/2026\/04\/pexels-gustavo-fring-3985170-1536x1024.jpg 1536w\" sizes=\"auto, (max-width: 626px) 100vw, 626px\" \/><\/p>\n<p>Elk jaar lopen tientallen kinderen in Belgi\u00eb een hersenvliesontsteking (meningitis) op. Die ontsteking van het vlies rond de hersenen en het ruggenmerg kan worden veroorzaakt door een virus of een bacterie. Bacteri\u00eble meningitis is zeldzamer maar ernstiger, en kan leiden tot onomkeerbare complicaties zoals doofheid, neurologische problemen of, in de ernstigste gevallen, de dood in slechts 24 uur. Om tragedies te voorkomen zijn preventie door <a href=\"https:\/\/www.bornin.brussels\/nl\/kinderen-van-0-tot-2-en-een-half-jaar\/gezondheid-en-welzijn-van-de-baby\/vaccinatie-van-0-tot-25-jaar\/\">vaccinatie<\/a> en verhoogde waakzaamheid bij de eerste symptomen essentieel. De allerkleinsten zijn het meest kwetsbaar. Hun immuunsysteem is namelijk nog niet helemaal ontwikkeld. Daardoor lopen ze een groter risico op ernstige infecties. Bovendien hebben zuigelingen soms atypische symptomen, zoals extreme prikkelbaarheid, minder eetlust of een uitpuilende fontanel, wat de diagnose kan bemoeilijken.<\/p>\n<blockquote><p>&#8220;De Wereldgezondheidsorganisatie (WGO) helpt landen om ervoor te zorgen dat meningitis niet langer een bedreiging vormt voor de volksgezondheid. Dat geldt vooral voor Sub-Saharaans Afrika, dat met de hoogste morbiditeit door die bacteri\u00ebn kampt. De WGO volgt daarnaast de situatie in het Verenigd Koninkrijk op de voet. Ze staat in contact met de gezondheidsdiensten en kan zo nodig ondersteuning bieden. Het komende jaar worden wereldwijde aanbevelingen verwacht.&#8221; &#8211; <strong>Gelezen op de website van de Wereldgezondheidsorganisatie.<\/strong><\/p><\/blockquote>\n<h3><strong>&#8220;Hersenvliesontsteking uitbannen tegen 2030&#8221;<\/strong><\/h3>\n<p>In haar wereldwijde roadmap &#8220;Hersenvliesontsteking uitbannen tegen 2030&#8221; herinnert de WGO eraan dat alle lidstaten van de Verenigde Naties zich ertoe hebben verbonden om tegen 2030 een universele gezondheidsdekking te bereiken. Bovendien zijn de projectdoelstellingen die in het document worden genoemd allemaal in lijn met de doelstelling van universele gezondheidsdekking, met rechtvaardigheid als leidraad. De doelstellingen zijn:<\/p>\n<ul>\n<li>komaf maken met epidemie\u00ebn van bacteri\u00eble meningitis;<\/li>\n<li>het aantal gevallen van door vaccinatie voorkombare bacteri\u00eble meningitis met 50% verminderen en het aantal sterfgevallen met 70% doen dalen;<\/li>\n<li>handicaps verminderen en de levenskwaliteit na meningitis, door welke oorzaak dan ook, verbeteren.<\/li>\n<\/ul>\n<p><a href=\"https:\/\/iris.who.int\/server\/api\/core\/bitstreams\/0b1e6d4f-b621-47d4-b9e5-7da6efbf03f6\/content\" target=\"_blank\" rel=\"noopener\"><strong>\u2192 Naar de roadmap &#8220;Hersenvliesontsteking uitbannen tegen 2030&#8221; (in het Frans)<\/strong><\/a><\/p>\n<div>\n<h3><strong>Iedereen gevaccineerd, iedereen beschermd<\/strong><\/h3>\n<p>Vivalis \u2013 waar <a href=\"https:\/\/www.hospichild.be\/nl\" target=\"_blank\" rel=\"noopener\">Hospichild<\/a> en <a href=\"https:\/\/www.bornin.brussels\/nl\" target=\"_blank\" rel=\"noopener\">Born in Brussels<\/a> deel van uitmaken \u2013 herinnert er ook aan dat vaccinatie tegen meningokokken A, C, W135 en Y in Belgi\u00eb door de Hoge Gezondheidsraad wordt aanbevolen. Dat geldt vooral voor baby&#8217;s van 15 maanden en tieners tussen 15 en 16 jaar.<\/p>\n<p>Vaccinatie tegen meningokokken B wordt aanbevolen voor personen die meer risico lopen op een invasieve meningokokkeninfectie, ongeacht hun leeftijd, namelijk:<\/p>\n<ul>\n<li>personen met anatomische of functionele <a href=\"https:\/\/www.gezondheid.be\/artikel\/immuniteit\/leven-zonder-milt-of-met-een-slecht-werkende-milt-asplenie-16993#asplenie\">asplenie<\/a>, waaronder sikkelcelziekte;<\/li>\n<li>personen met een aangeboren of verworven <a href=\"https:\/\/www.erasmusmc.nl\/nl-nl\/patientenzorg\/aandoeningen\/complement-deficienties#complementdefici\u00ebntie\">complementdefici\u00ebntie<\/a>;<\/li>\n<li>personen met humorale <a href=\"https:\/\/www.uzgent.be\/nl\/immuundeficienties#immuundefici\u00ebntie\">immuundefici\u00ebntie<\/a>.<\/li>\n<\/ul>\n<p><em>Het ACWY-vaccin bij baby&#8217;s van 15 maanden is gratis verkrijgbaar tijdens consultaties voor zuigelingen en bij deelnemende artsen. Het biedt langdurige bescherming.<\/em><\/p>\n<p><em>Het vaccin tegen meningokokken B is niet opgenomen in het programma omdat het slechts een aantal van de circulerende meningokokkenstammen dekt en de bescherming maar enkele jaren aanhoudt. De Hoge Gezondheidsraad volgt de situatie op en zal zijn aanbeveling aanpassen als het risico verandert.<\/em><\/p>\n<p><em>&#8220;In het Brusselse Gewest zal vaccinatie tegen meningokokken B worden georganiseerd in het geval van een epidemie die met vaccins kan worden bestreden. Het is nu al belangrijk om kinderen te vaccineren tegen meningokokken ACWY. Dat verkleint het risico op het ontwikkelen van een ernstige ziekte.&#8221; Dat zegt dr. David Hercot, medisch co\u00f6rdinator preventie bij Vivalis.<\/em><\/p>\n<p style=\"padding-left: 40px;\"><a href=\"https:\/\/www.vivalis.brussels\/nl\/alarm-meningokokken\" target=\"_blank\" rel=\"noopener\"><strong>\u2192 Naar de website van Vivalis<\/strong><\/a><\/p>\n<p style=\"padding-left: 40px;\"><a href=\"https:\/\/www.bornin.brussels\/nl\/kinderen-van-0-tot-2-en-een-half-jaar\/gezondheid-en-welzijn-van-de-baby\/vaccinatie-van-0-tot-25-jaar\/\" target=\"_blank\" rel=\"noopener\"><strong>\u2192 Naar de pagina over de vaccinatie van kinderen van 0 tot 2,5 jaar<\/strong><\/a><\/p>\n<h3><strong>&#8220;Vroege opsporing en behandeling kunnen levens redden.&#8221;<\/strong><\/h3>\n<p><strong>Hoewel er al vele jaren vaccins beschikbaar zijn die infectie door verschillende groepen meningokokkenbacteri\u00ebn voorkomen, is er momenteel nog geen vaccin dat tegen al die groepen beschermt.<\/strong> Het UK Health Security Agency (UKHSA) herinnert tieners en volwassenen die in aanmerking komen voor het vaccin tegen meningokokken B er daarom aan waarom het zo belangrijk is, zelfs voor wie al eerder tegen meningokokken gevaccineerd is.<\/p>\n<\/div>\n<div><\/div>\n<div>\n<blockquote><p>&#8220;In het Verenigd Koninkrijk wordt het vaccin tegen meningokokken ACWY systematisch aan tieners aangeboden, maar dat beschermt hen niet tegen meningokokken B. Dus zelfs wie er op school werd gevaccineerd, heeft nog steeds twee doses van het meningokokken B-vaccin nodig om beschermd te zijn tijdens de huidige uitbraak, wat essentieel is. De beschikbare vaccins beschermen niet tegen de vele verschillende stammen van meningokokken. Het is dan ook uiterst belangrijk om de tekenen en symptomen van invasieve meningokokkenziekten te kennen. Vroege opsporing en behandeling kunnen levens redden.&#8221; <strong>Dat benadrukt Vanessa Saliba, raadplegend epidemiologe bij UKHSA, in een gesprek met de WGO.<\/strong><\/p><\/blockquote>\n<p>&nbsp;<\/p>\n<p style=\"text-align: right;\"><strong>Samuel Walheer<\/strong><\/p>\n<p><span style=\"color: #339966;\"><strong>LEES OOK:<\/strong><\/span><\/p>\n<ul>\n<li><a href=\"https:\/\/www.hospichild.be\/nl\/kinderartsen-verenigen-zich-tegen-meningitis-ze-willen-de-ziekte-tegen-2030-uitroeien\/\" target=\"_blank\" rel=\"noopener\"><strong>Kinderartsen verenigen zich tegen meningitis: ze willen de ziekte tegen 2030 uitroeien<\/strong><\/a><\/li>\n<li><a href=\"https:\/\/www.hospichild.be\/nl\/samen-verslaan-we-meningitis-tegen-2030\/\" target=\"_blank\" rel=\"noopener\"><strong>Samen verslaan we meningitis tegen 2030<\/strong><\/a><\/li>\n<li><a href=\"https:\/\/www.hospichild.be\/vaccination-des-enfants-le-programme-elargi-a-4-souches-de-meningites\/\" target=\"_blank\" rel=\"noopener\"><strong>Vaccination des enfants : le programme \u00e9largi \u00e0 4 souches de m\u00e9ningites<\/strong><\/a> (artikel in het Frans)<\/li>\n<li><a href=\"https:\/\/www.hospichild.be\/journee-mondiale-des-maladies-rares-tous-les-moyens-sont-bons-pour-apporter-son-soutien\/\" target=\"_blank\" rel=\"noopener\"><strong>Journ\u00e9e mondiale des maladies rares : tous les moyens sont bons pour apporter son soutien<\/strong><\/a> (artikel in het Frans)<\/li>\n<li><a href=\"https:\/\/www.hospichild.be\/nl\/meningitisvaccin-ouders-moeten-bewust-gemaakt-worden\/\" target=\"_blank\" rel=\"noopener\"><strong>Meningitisvaccin: ouders moeten bewust gemaakt worden!<\/strong><\/a><\/li>\n<\/ul>\n<p>&nbsp;<\/p>\n<p>&nbsp;<\/p>\n<\/div>\n<div>\n<p>&nbsp;<\/p>\n<\/div>\n","protected":false},"excerpt":{"rendered":"<p>Talrijke gevallen van meningitis zijn recent gemeld onder tieners in het graafschap Kent in het Verenigd Koninkrijk. Die ziekte wordt veroorzaakt door de meningokokkenbacterie van groep B en treft vooral zuigelingen en jonge kinderen. Er werden snel maatregelen genomen: antibiotica werden toegediend aan de getroffenen, zieken en hun nauwe contacten, en er werd een vaccinatieprogramma&hellip;<\/p>\n<p><a class=\"more-link\" href=\"https:\/\/www.hospichild.be\/nl\/journee-mondiale-de-lutte-contre-les-meningites\/\" title=\"Continue reading &lsquo;Wereldmeningitisdag: gevallen gemeld in het VK&rsquo;\">Meer lezen over <span class=\"meta-nav\">\u2192<\/span><\/a><\/p>\n","protected":false},"author":11,"featured_media":0,"comment_status":"closed","ping_status":"closed","sticky":false,"template":"","format":"standard","meta":{"_acf_changed":false,"footnotes":""},"categories":[140,32],"tags":[],"class_list":["post-23184","post","type-post","status-publish","format-standard","hentry","category-actualiteiten","category-actus"],"acf":[],"yoast_head":"<!-- This site is optimized with the Yoast SEO plugin v27.3 - https:\/\/yoast.com\/product\/yoast-seo-wordpress\/ -->\n<title>24 april is de Werelddag tegen meningitis<\/title>\n<meta name=\"description\" content=\"Werelddag tegen meningitis : Er zijn recent gevallen van meningokokken van groep B gemeld in het Verenigd Koninkrijk\" \/>\n<meta name=\"robots\" content=\"index, follow, max-snippet:-1, max-image-preview:large, max-video-preview:-1\" \/>\n<link rel=\"canonical\" href=\"https:\/\/www.hospichild.be\/journee-mondiale-de-lutte-contre-les-meningites\/\" \/>\n<meta property=\"og:locale\" content=\"nl_NL\" \/>\n<meta property=\"og:type\" content=\"article\" \/>\n<meta property=\"og:title\" content=\"24 april is de Werelddag tegen meningitis\" \/>\n<meta property=\"og:description\" content=\"Werelddag tegen meningitis : Er zijn recent gevallen van meningokokken van groep B gemeld in het Verenigd Koninkrijk\" \/>\n<meta property=\"og:url\" content=\"https:\/\/www.hospichild.be\/journee-mondiale-de-lutte-contre-les-meningites\/\" \/>\n<meta property=\"og:site_name\" content=\"Hospichild\" \/>\n<meta property=\"article:publisher\" content=\"https:\/\/www.facebook.com\/Hospichild\" \/>\n<meta property=\"article:published_time\" content=\"2026-04-24T16:00:40+00:00\" \/>\n<meta property=\"article:modified_time\" content=\"2026-04-24T16:03:30+00:00\" \/>\n<meta property=\"og:image\" content=\"https:\/\/www.hospichild.be\/wp-content\/uploads\/2026\/04\/pexels-gustavo-fring-3985170.jpg\" \/>\n\t<meta property=\"og:image:width\" content=\"1920\" \/>\n\t<meta property=\"og:image:height\" content=\"1280\" \/>\n\t<meta property=\"og:image:type\" content=\"image\/jpeg\" \/>\n<meta name=\"author\" content=\"lgnsamuel\" \/>\n<meta name=\"twitter:card\" content=\"summary_large_image\" \/>\n<meta name=\"twitter:creator\" content=\"@hospichild\" \/>\n<meta name=\"twitter:site\" content=\"@hospichild\" \/>\n<meta name=\"twitter:label1\" content=\"Geschreven door\" \/>\n\t<meta name=\"twitter:data1\" content=\"lgnsamuel\" \/>\n\t<meta name=\"twitter:label2\" content=\"Geschatte leestijd\" \/>\n\t<meta name=\"twitter:data2\" content=\"4 minuten\" \/>\n<script type=\"application\/ld+json\" class=\"yoast-schema-graph\">{\"@context\":\"https:\\\/\\\/schema.org\",\"@graph\":[{\"@type\":\"Article\",\"@id\":\"https:\\\/\\\/www.hospichild.be\\\/journee-mondiale-de-lutte-contre-les-meningites\\\/#article\",\"isPartOf\":{\"@id\":\"https:\\\/\\\/www.hospichild.be\\\/journee-mondiale-de-lutte-contre-les-meningites\\\/\"},\"author\":{\"name\":\"lgnsamuel\",\"@id\":\"https:\\\/\\\/www.hospichild.be\\\/#\\\/schema\\\/person\\\/650ca7a416ab2195862321c24fd5535a\"},\"headline\":\"Wereldmeningitisdag: gevallen gemeld in het VK\",\"datePublished\":\"2026-04-24T16:00:40+00:00\",\"dateModified\":\"2026-04-24T16:03:30+00:00\",\"mainEntityOfPage\":{\"@id\":\"https:\\\/\\\/www.hospichild.be\\\/journee-mondiale-de-lutte-contre-les-meningites\\\/\"},\"wordCount\":866,\"publisher\":{\"@id\":\"https:\\\/\\\/www.hospichild.be\\\/#organization\"},\"image\":{\"@id\":\"https:\\\/\\\/www.hospichild.be\\\/journee-mondiale-de-lutte-contre-les-meningites\\\/#primaryimage\"},\"thumbnailUrl\":\"https:\\\/\\\/www.hospichild.be\\\/wp-content\\\/uploads\\\/2026\\\/04\\\/pexels-gustavo-fring-3985170.jpg\",\"articleSection\":[\"Actualiteiten\",\"Actus\"],\"inLanguage\":\"nl-NL\"},{\"@type\":\"WebPage\",\"@id\":\"https:\\\/\\\/www.hospichild.be\\\/journee-mondiale-de-lutte-contre-les-meningites\\\/\",\"url\":\"https:\\\/\\\/www.hospichild.be\\\/journee-mondiale-de-lutte-contre-les-meningites\\\/\",\"name\":\"24 april is de Werelddag tegen meningitis\",\"isPartOf\":{\"@id\":\"https:\\\/\\\/www.hospichild.be\\\/#website\"},\"primaryImageOfPage\":{\"@id\":\"https:\\\/\\\/www.hospichild.be\\\/journee-mondiale-de-lutte-contre-les-meningites\\\/#primaryimage\"},\"image\":{\"@id\":\"https:\\\/\\\/www.hospichild.be\\\/journee-mondiale-de-lutte-contre-les-meningites\\\/#primaryimage\"},\"thumbnailUrl\":\"https:\\\/\\\/www.hospichild.be\\\/wp-content\\\/uploads\\\/2026\\\/04\\\/pexels-gustavo-fring-3985170.jpg\",\"datePublished\":\"2026-04-24T16:00:40+00:00\",\"dateModified\":\"2026-04-24T16:03:30+00:00\",\"description\":\"Werelddag tegen meningitis : Er zijn recent gevallen van meningokokken van groep B gemeld in het Verenigd Koninkrijk\",\"breadcrumb\":{\"@id\":\"https:\\\/\\\/www.hospichild.be\\\/journee-mondiale-de-lutte-contre-les-meningites\\\/#breadcrumb\"},\"inLanguage\":\"nl-NL\",\"potentialAction\":[{\"@type\":\"ReadAction\",\"target\":[\"https:\\\/\\\/www.hospichild.be\\\/journee-mondiale-de-lutte-contre-les-meningites\\\/\"]}]},{\"@type\":\"ImageObject\",\"inLanguage\":\"nl-NL\",\"@id\":\"https:\\\/\\\/www.hospichild.be\\\/journee-mondiale-de-lutte-contre-les-meningites\\\/#primaryimage\",\"url\":\"https:\\\/\\\/www.hospichild.be\\\/wp-content\\\/uploads\\\/2026\\\/04\\\/pexels-gustavo-fring-3985170.jpg\",\"contentUrl\":\"https:\\\/\\\/www.hospichild.be\\\/wp-content\\\/uploads\\\/2026\\\/04\\\/pexels-gustavo-fring-3985170.jpg\"},{\"@type\":\"BreadcrumbList\",\"@id\":\"https:\\\/\\\/www.hospichild.be\\\/journee-mondiale-de-lutte-contre-les-meningites\\\/#breadcrumb\",\"itemListElement\":[{\"@type\":\"ListItem\",\"position\":1,\"name\":\"Accueil\",\"item\":\"https:\\\/\\\/www.hospichild.be\\\/nl\\\/\"},{\"@type\":\"ListItem\",\"position\":2,\"name\":\"Actualit\u00e9s\",\"item\":\"https:\\\/\\\/www.hospichild.be\\\/category\\\/actualites\\\/\"},{\"@type\":\"ListItem\",\"position\":3,\"name\":\"Wereldmeningitisdag: gevallen gemeld in het VK\"}]},{\"@type\":\"WebSite\",\"@id\":\"https:\\\/\\\/www.hospichild.be\\\/#website\",\"url\":\"https:\\\/\\\/www.hospichild.be\\\/\",\"name\":\"Hospichild\",\"description\":\"Toute l&#039;information sur l&#039;hospitalisation d&#039;un enfant de moins de 16 ans \u00e0 Bruxelles\",\"publisher\":{\"@id\":\"https:\\\/\\\/www.hospichild.be\\\/#organization\"},\"potentialAction\":[{\"@type\":\"SearchAction\",\"target\":{\"@type\":\"EntryPoint\",\"urlTemplate\":\"https:\\\/\\\/www.hospichild.be\\\/?s={search_term_string}\"},\"query-input\":{\"@type\":\"PropertyValueSpecification\",\"valueRequired\":true,\"valueName\":\"search_term_string\"}}],\"inLanguage\":\"nl-NL\"},{\"@type\":\"Organization\",\"@id\":\"https:\\\/\\\/www.hospichild.be\\\/#organization\",\"name\":\"Hospichild\",\"url\":\"https:\\\/\\\/www.hospichild.be\\\/\",\"logo\":{\"@type\":\"ImageObject\",\"inLanguage\":\"nl-NL\",\"@id\":\"https:\\\/\\\/www.hospichild.be\\\/#\\\/schema\\\/logo\\\/image\\\/\",\"url\":\"https:\\\/\\\/www.hospichild.be\\\/wp-content\\\/uploads\\\/2018\\\/12\\\/logo_simple.png\",\"contentUrl\":\"https:\\\/\\\/www.hospichild.be\\\/wp-content\\\/uploads\\\/2018\\\/12\\\/logo_simple.png\",\"width\":570,\"height\":114,\"caption\":\"Hospichild\"},\"image\":{\"@id\":\"https:\\\/\\\/www.hospichild.be\\\/#\\\/schema\\\/logo\\\/image\\\/\"},\"sameAs\":[\"https:\\\/\\\/www.facebook.com\\\/Hospichild\",\"https:\\\/\\\/x.com\\\/hospichild\"]},{\"@type\":\"Person\",\"@id\":\"https:\\\/\\\/www.hospichild.be\\\/#\\\/schema\\\/person\\\/650ca7a416ab2195862321c24fd5535a\",\"name\":\"lgnsamuel\",\"image\":{\"@type\":\"ImageObject\",\"inLanguage\":\"nl-NL\",\"@id\":\"https:\\\/\\\/secure.gravatar.com\\\/avatar\\\/f1ecf593f678f15ed0060dd25ba5c6801c849753432e2f3b80921789c58f8874?s=96&d=mm&r=g\",\"url\":\"https:\\\/\\\/secure.gravatar.com\\\/avatar\\\/f1ecf593f678f15ed0060dd25ba5c6801c849753432e2f3b80921789c58f8874?s=96&d=mm&r=g\",\"contentUrl\":\"https:\\\/\\\/secure.gravatar.com\\\/avatar\\\/f1ecf593f678f15ed0060dd25ba5c6801c849753432e2f3b80921789c58f8874?s=96&d=mm&r=g\",\"caption\":\"lgnsamuel\"}}]}<\/script>\n<!-- \/ Yoast SEO plugin. -->","yoast_head_json":{"title":"24 april is de Werelddag tegen meningitis","description":"Werelddag tegen meningitis : Er zijn recent gevallen van meningokokken van groep B gemeld in het Verenigd Koninkrijk","robots":{"index":"index","follow":"follow","max-snippet":"max-snippet:-1","max-image-preview":"max-image-preview:large","max-video-preview":"max-video-preview:-1"},"canonical":"https:\/\/www.hospichild.be\/journee-mondiale-de-lutte-contre-les-meningites\/","og_locale":"nl_NL","og_type":"article","og_title":"24 april is de Werelddag tegen meningitis","og_description":"Werelddag tegen meningitis : Er zijn recent gevallen van meningokokken van groep B gemeld in het Verenigd Koninkrijk","og_url":"https:\/\/www.hospichild.be\/journee-mondiale-de-lutte-contre-les-meningites\/","og_site_name":"Hospichild","article_publisher":"https:\/\/www.facebook.com\/Hospichild","article_published_time":"2026-04-24T16:00:40+00:00","article_modified_time":"2026-04-24T16:03:30+00:00","og_image":[{"width":1920,"height":1280,"url":"https:\/\/www.hospichild.be\/wp-content\/uploads\/2026\/04\/pexels-gustavo-fring-3985170.jpg","type":"image\/jpeg"}],"author":"lgnsamuel","twitter_card":"summary_large_image","twitter_creator":"@hospichild","twitter_site":"@hospichild","twitter_misc":{"Geschreven door":"lgnsamuel","Geschatte leestijd":"4 minuten"},"schema":{"@context":"https:\/\/schema.org","@graph":[{"@type":"Article","@id":"https:\/\/www.hospichild.be\/journee-mondiale-de-lutte-contre-les-meningites\/#article","isPartOf":{"@id":"https:\/\/www.hospichild.be\/journee-mondiale-de-lutte-contre-les-meningites\/"},"author":{"name":"lgnsamuel","@id":"https:\/\/www.hospichild.be\/#\/schema\/person\/650ca7a416ab2195862321c24fd5535a"},"headline":"Wereldmeningitisdag: gevallen gemeld in het VK","datePublished":"2026-04-24T16:00:40+00:00","dateModified":"2026-04-24T16:03:30+00:00","mainEntityOfPage":{"@id":"https:\/\/www.hospichild.be\/journee-mondiale-de-lutte-contre-les-meningites\/"},"wordCount":866,"publisher":{"@id":"https:\/\/www.hospichild.be\/#organization"},"image":{"@id":"https:\/\/www.hospichild.be\/journee-mondiale-de-lutte-contre-les-meningites\/#primaryimage"},"thumbnailUrl":"https:\/\/www.hospichild.be\/wp-content\/uploads\/2026\/04\/pexels-gustavo-fring-3985170.jpg","articleSection":["Actualiteiten","Actus"],"inLanguage":"nl-NL"},{"@type":"WebPage","@id":"https:\/\/www.hospichild.be\/journee-mondiale-de-lutte-contre-les-meningites\/","url":"https:\/\/www.hospichild.be\/journee-mondiale-de-lutte-contre-les-meningites\/","name":"24 april is de Werelddag tegen meningitis","isPartOf":{"@id":"https:\/\/www.hospichild.be\/#website"},"primaryImageOfPage":{"@id":"https:\/\/www.hospichild.be\/journee-mondiale-de-lutte-contre-les-meningites\/#primaryimage"},"image":{"@id":"https:\/\/www.hospichild.be\/journee-mondiale-de-lutte-contre-les-meningites\/#primaryimage"},"thumbnailUrl":"https:\/\/www.hospichild.be\/wp-content\/uploads\/2026\/04\/pexels-gustavo-fring-3985170.jpg","datePublished":"2026-04-24T16:00:40+00:00","dateModified":"2026-04-24T16:03:30+00:00","description":"Werelddag tegen meningitis : Er zijn recent gevallen van meningokokken van groep B gemeld in het Verenigd Koninkrijk","breadcrumb":{"@id":"https:\/\/www.hospichild.be\/journee-mondiale-de-lutte-contre-les-meningites\/#breadcrumb"},"inLanguage":"nl-NL","potentialAction":[{"@type":"ReadAction","target":["https:\/\/www.hospichild.be\/journee-mondiale-de-lutte-contre-les-meningites\/"]}]},{"@type":"ImageObject","inLanguage":"nl-NL","@id":"https:\/\/www.hospichild.be\/journee-mondiale-de-lutte-contre-les-meningites\/#primaryimage","url":"https:\/\/www.hospichild.be\/wp-content\/uploads\/2026\/04\/pexels-gustavo-fring-3985170.jpg","contentUrl":"https:\/\/www.hospichild.be\/wp-content\/uploads\/2026\/04\/pexels-gustavo-fring-3985170.jpg"},{"@type":"BreadcrumbList","@id":"https:\/\/www.hospichild.be\/journee-mondiale-de-lutte-contre-les-meningites\/#breadcrumb","itemListElement":[{"@type":"ListItem","position":1,"name":"Accueil","item":"https:\/\/www.hospichild.be\/nl\/"},{"@type":"ListItem","position":2,"name":"Actualit\u00e9s","item":"https:\/\/www.hospichild.be\/category\/actualites\/"},{"@type":"ListItem","position":3,"name":"Wereldmeningitisdag: gevallen gemeld in het VK"}]},{"@type":"WebSite","@id":"https:\/\/www.hospichild.be\/#website","url":"https:\/\/www.hospichild.be\/","name":"Hospichild","description":"Toute l&#039;information sur l&#039;hospitalisation d&#039;un enfant de moins de 16 ans \u00e0 Bruxelles","publisher":{"@id":"https:\/\/www.hospichild.be\/#organization"},"potentialAction":[{"@type":"SearchAction","target":{"@type":"EntryPoint","urlTemplate":"https:\/\/www.hospichild.be\/?s={search_term_string}"},"query-input":{"@type":"PropertyValueSpecification","valueRequired":true,"valueName":"search_term_string"}}],"inLanguage":"nl-NL"},{"@type":"Organization","@id":"https:\/\/www.hospichild.be\/#organization","name":"Hospichild","url":"https:\/\/www.hospichild.be\/","logo":{"@type":"ImageObject","inLanguage":"nl-NL","@id":"https:\/\/www.hospichild.be\/#\/schema\/logo\/image\/","url":"https:\/\/www.hospichild.be\/wp-content\/uploads\/2018\/12\/logo_simple.png","contentUrl":"https:\/\/www.hospichild.be\/wp-content\/uploads\/2018\/12\/logo_simple.png","width":570,"height":114,"caption":"Hospichild"},"image":{"@id":"https:\/\/www.hospichild.be\/#\/schema\/logo\/image\/"},"sameAs":["https:\/\/www.facebook.com\/Hospichild","https:\/\/x.com\/hospichild"]},{"@type":"Person","@id":"https:\/\/www.hospichild.be\/#\/schema\/person\/650ca7a416ab2195862321c24fd5535a","name":"lgnsamuel","image":{"@type":"ImageObject","inLanguage":"nl-NL","@id":"https:\/\/secure.gravatar.com\/avatar\/f1ecf593f678f15ed0060dd25ba5c6801c849753432e2f3b80921789c58f8874?s=96&d=mm&r=g","url":"https:\/\/secure.gravatar.com\/avatar\/f1ecf593f678f15ed0060dd25ba5c6801c849753432e2f3b80921789c58f8874?s=96&d=mm&r=g","contentUrl":"https:\/\/secure.gravatar.com\/avatar\/f1ecf593f678f15ed0060dd25ba5c6801c849753432e2f3b80921789c58f8874?s=96&d=mm&r=g","caption":"lgnsamuel"}}]}},"views":4,"publishpress_future_action":{"enabled":false,"date":"2026-05-03 13:23:10","action":"change-status","newStatus":"draft","terms":[],"taxonomy":"category","extraData":[]},"publishpress_future_workflow_manual_trigger":{"enabledWorkflows":[]},"_links":{"self":[{"href":"https:\/\/www.hospichild.be\/nl\/wp-json\/wp\/v2\/posts\/23184","targetHints":{"allow":["GET"]}}],"collection":[{"href":"https:\/\/www.hospichild.be\/nl\/wp-json\/wp\/v2\/posts"}],"about":[{"href":"https:\/\/www.hospichild.be\/nl\/wp-json\/wp\/v2\/types\/post"}],"author":[{"embeddable":true,"href":"https:\/\/www.hospichild.be\/nl\/wp-json\/wp\/v2\/users\/11"}],"replies":[{"embeddable":true,"href":"https:\/\/www.hospichild.be\/nl\/wp-json\/wp\/v2\/comments?post=23184"}],"version-history":[{"count":6,"href":"https:\/\/www.hospichild.be\/nl\/wp-json\/wp\/v2\/posts\/23184\/revisions"}],"predecessor-version":[{"id":23212,"href":"https:\/\/www.hospichild.be\/nl\/wp-json\/wp\/v2\/posts\/23184\/revisions\/23212"}],"wp:attachment":[{"href":"https:\/\/www.hospichild.be\/nl\/wp-json\/wp\/v2\/media?parent=23184"}],"wp:term":[{"taxonomy":"category","embeddable":true,"href":"https:\/\/www.hospichild.be\/nl\/wp-json\/wp\/v2\/categories?post=23184"},{"taxonomy":"post_tag","embeddable":true,"href":"https:\/\/www.hospichild.be\/nl\/wp-json\/wp\/v2\/tags?post=23184"}],"curies":[{"name":"wp","href":"https:\/\/api.w.org\/{rel}","templated":true}]}}